{"id":100,"date":"2022-03-27T01:26:24","date_gmt":"2022-03-27T01:26:24","guid":{"rendered":"https:\/\/altovoltajeradio.com\/es\/?p=100"},"modified":"2022-03-27T01:26:24","modified_gmt":"2022-03-27T01:26:24","slug":"riosucio-recibio-nuevo-vehiculo-compactador-de-residuos-solidos","status":"publish","type":"post","link":"https:\/\/altovoltajeradio.com\/es\/riosucio-recibio-nuevo-vehiculo-compactador-de-residuos-solidos\/","title":{"rendered":"Riosucio recibi\u00f3 nuevo veh\u00edculo compactador de residuos s\u00f3lidos"},"content":{"rendered":"\n<p>En la ma\u00f1ana de este s\u00e1bado el Alcalde de Riosucio recibi\u00f3 con benepl\u00e1cito un carro compactador de residuos s\u00f3lidos el cual gestion\u00f3 ante la Gobernaci\u00f3n de Caldas , Secretaria Departamental de Aguas el cual prestar\u00e1 dentro de su servicio de cobertura para la zona urbana en su totalidad. <\/p>\n\n\n\n<p>Es un compactador que requer\u00eda el Municipio y fortalece la institucionalidad de la Empresa de Aseo y que busca prestar un mejor servicio de acuerdo a las necesidades y las capacidades que tienen que ampliarse m\u00e1s para los ciudadanos.<\/p>\n\n\n\n<p>Con este nuevo parque automotor se beneficiaran 19 mil 589 habitantes y que tiene una inversi\u00f3n de 510 millones de pesos y  permite que Riosucio cuente ahora con 3 veh\u00edculos compactadores lo que adem\u00e1s permitir\u00e1 recolectar las 18 toneladas diarias y solucionar el tema de salud p\u00fablica que ten\u00eda el Municipio. <\/p>\n\n\n\n<p>\u00abEstamos trabajando desde el Plan Departamental de Aguas en cabeza del Gobernador en mejorar las condiciones y la capacidad operativas de las Empresas de Servicios p\u00fablicos de los Municipios, como se ha hecho en Neira, Sup\u00eda, Villamar\u00eda y ahora en Riosucio \u00abindic\u00f3 Oscar Toro,  coordinador del Plan Departamental de Aguas<\/p>\n\n\n\n<figure class=\"wp-block-image size-large\"><img loading=\"lazy\" decoding=\"async\" width=\"1024\" height=\"680\" src=\"https:\/\/altovoltajeradio.com\/es\/wp-content\/uploads\/2022\/03\/borradores-4-7-1024x680.jpg\" alt=\"\" class=\"wp-image-101\" srcset=\"https:\/\/altovoltajeradio.com\/es\/wp-content\/uploads\/2022\/03\/borradores-4-7-1024x680.jpg 1024w, https:\/\/altovoltajeradio.com\/es\/wp-content\/uploads\/2022\/03\/borradores-4-7-300x199.jpg 300w, https:\/\/altovoltajeradio.com\/es\/wp-content\/uploads\/2022\/03\/borradores-4-7-768x510.jpg 768w, https:\/\/altovoltajeradio.com\/es\/wp-content\/uploads\/2022\/03\/borradores-4-7-635x422.jpg 635w, https:\/\/altovoltajeradio.com\/es\/wp-content\/uploads\/2022\/03\/borradores-4-7-320x214.jpg 320w, https:\/\/altovoltajeradio.com\/es\/wp-content\/uploads\/2022\/03\/borradores-4-7.jpg 1280w\" sizes=\"auto, (max-width: 1024px) 100vw, 1024px\" \/><\/figure>\n","protected":false},"excerpt":{"rendered":"<p>En la ma\u00f1ana de este s\u00e1bado el Alcalde de Riosucio [&hellip;]<\/p>\n","protected":false},"author":2,"featured_media":101,"comment_status":"open","ping_status":"open","sticky":false,"template":"","format":"standard","meta":{"footnotes":""},"categories":[8],"tags":[],"class_list":["post-100","post","type-post","status-publish","format-standard","has-post-thumbnail","hentry","category-locales"],"_links":{"self":[{"href":"https:\/\/altovoltajeradio.com\/es\/wp-json\/wp\/v2\/posts\/100","targetHints":{"allow":["GET"]}}],"collection":[{"href":"https:\/\/altovoltajeradio.com\/es\/wp-json\/wp\/v2\/posts"}],"about":[{"href":"https:\/\/altovoltajeradio.com\/es\/wp-json\/wp\/v2\/types\/post"}],"author":[{"embeddable":true,"href":"https:\/\/altovoltajeradio.com\/es\/wp-json\/wp\/v2\/users\/2"}],"replies":[{"embeddable":true,"href":"https:\/\/altovoltajeradio.com\/es\/wp-json\/wp\/v2\/comments?post=100"}],"version-history":[{"count":1,"href":"https:\/\/altovoltajeradio.com\/es\/wp-json\/wp\/v2\/posts\/100\/revisions"}],"predecessor-version":[{"id":102,"href":"https:\/\/altovoltajeradio.com\/es\/wp-json\/wp\/v2\/posts\/100\/revisions\/102"}],"wp:featuredmedia":[{"embeddable":true,"href":"https:\/\/altovoltajeradio.com\/es\/wp-json\/wp\/v2\/media\/101"}],"wp:attachment":[{"href":"https:\/\/altovoltajeradio.com\/es\/wp-json\/wp\/v2\/media?parent=100"}],"wp:term":[{"taxonomy":"category","embeddable":true,"href":"https:\/\/altovoltajeradio.com\/es\/wp-json\/wp\/v2\/categories?post=100"},{"taxonomy":"post_tag","embeddable":true,"href":"https:\/\/altovoltajeradio.com\/es\/wp-json\/wp\/v2\/tags?post=100"}],"curies":[{"name":"wp","href":"https:\/\/api.w.org\/{rel}","templated":true}]}}