{"id":109,"date":"2022-03-27T17:17:15","date_gmt":"2022-03-27T17:17:15","guid":{"rendered":"https:\/\/altovoltajeradio.com\/es\/?p=109"},"modified":"2022-03-27T17:32:10","modified_gmt":"2022-03-27T17:32:10","slug":"murio-gladys-estrada-hermana-de-pequenas-comunidades-de-san-sebastian","status":"publish","type":"post","link":"https:\/\/altovoltajeradio.com\/es\/murio-gladys-estrada-hermana-de-pequenas-comunidades-de-san-sebastian\/","title":{"rendered":"Muri\u00f3 Mar\u00eda Gladys Estrada Garc\u00eda hermana de peque\u00f1as comunidades de San Sebasti\u00e1n"},"content":{"rendered":"\n<p>Sorprendi\u00f3 la noticia en la ma\u00f1ana de este domingo 27 de marzo el fallecimiento de una de las hermanitas de la peque\u00f1as comunidades de la Parroquia de San Sebasti\u00e1n , desde hace varios a\u00f1os decidi\u00f3 dejarse lleva por el Esp\u00edritu Santo. <\/p>\n\n\n\n<p>La se\u00f1ora Gladys muri\u00f3 tras sufrir una isquemia cerebral, muri\u00f3 en las \u00faltimas horas mientras recib\u00eda atenci\u00f3n m\u00e9dica en el Hospital Santa Sofia de Manizales, aunque fuentes cercanas <strong> <\/strong>nos han manifestado que en el Centro Hospitalario desde el mismo momento que fue internada hab\u00eda sido declarada con muerte cerebral. <\/p>\n\n\n\n<p>Siempre muy acuciosa a los eventos programados dentro del proceso de evangelizaci\u00f3n y especialmente a la misi\u00f3n siempre tan alegre se mostraba en los retiros y preparaci\u00f3n de renovaci\u00f3n.  <\/p>\n\n\n\n<p> Desde ya se estaba trabajando durante la cuaresma y la Semana Santa en aras de asumir un poco la familiaridad de un grupo de personas dispuestas a llevar el Testimonio de vida Evangelizadora.&nbsp;<\/p>\n\n\n\n<p>\u201cElla era muy expresiva, era una persona que siempre ten\u00eda una sonrisa para regalar, nunca estaba triste, siempre ten\u00eda palabras amables para los dem\u00e1s, realmente era una gran persona, ser\u00e1 recordada como una personita llena de valores y capacidades\u00bb, indic\u00f3 una de sus hermanas de peque\u00f1a comunidad.<\/p>\n\n\n\n<p>A Maria Gladys se le recuerda por su paso como empleada en Bancaf\u00e9 hoy Davivienda ahora dedicada a administrar su propia empresa de confecciones , era profesional en finanzas de la Universidad de Caldas.<\/p>\n\n\n\n<figure class=\"wp-block-image size-full\"><img loading=\"lazy\" decoding=\"async\" width=\"604\" height=\"453\" src=\"https:\/\/altovoltajeradio.com\/es\/wp-content\/uploads\/2022\/03\/borradores-2-9.jpg\" alt=\"\" class=\"wp-image-111\" srcset=\"https:\/\/altovoltajeradio.com\/es\/wp-content\/uploads\/2022\/03\/borradores-2-9.jpg 604w, https:\/\/altovoltajeradio.com\/es\/wp-content\/uploads\/2022\/03\/borradores-2-9-300x225.jpg 300w\" sizes=\"auto, (max-width: 604px) 100vw, 604px\" \/><\/figure>\n","protected":false},"excerpt":{"rendered":"<p>Sorprendi\u00f3 la noticia en la ma\u00f1ana de este domingo 27 [&hellip;]<\/p>\n","protected":false},"author":2,"featured_media":111,"comment_status":"open","ping_status":"open","sticky":false,"template":"","format":"standard","meta":{"footnotes":""},"categories":[10],"tags":[],"class_list":["post-109","post","type-post","status-publish","format-standard","has-post-thumbnail","hentry","category-obituario"],"_links":{"self":[{"href":"https:\/\/altovoltajeradio.com\/es\/wp-json\/wp\/v2\/posts\/109","targetHints":{"allow":["GET"]}}],"collection":[{"href":"https:\/\/altovoltajeradio.com\/es\/wp-json\/wp\/v2\/posts"}],"about":[{"href":"https:\/\/altovoltajeradio.com\/es\/wp-json\/wp\/v2\/types\/post"}],"author":[{"embeddable":true,"href":"https:\/\/altovoltajeradio.com\/es\/wp-json\/wp\/v2\/users\/2"}],"replies":[{"embeddable":true,"href":"https:\/\/altovoltajeradio.com\/es\/wp-json\/wp\/v2\/comments?post=109"}],"version-history":[{"count":4,"href":"https:\/\/altovoltajeradio.com\/es\/wp-json\/wp\/v2\/posts\/109\/revisions"}],"predecessor-version":[{"id":114,"href":"https:\/\/altovoltajeradio.com\/es\/wp-json\/wp\/v2\/posts\/109\/revisions\/114"}],"wp:featuredmedia":[{"embeddable":true,"href":"https:\/\/altovoltajeradio.com\/es\/wp-json\/wp\/v2\/media\/111"}],"wp:attachment":[{"href":"https:\/\/altovoltajeradio.com\/es\/wp-json\/wp\/v2\/media?parent=109"}],"wp:term":[{"taxonomy":"category","embeddable":true,"href":"https:\/\/altovoltajeradio.com\/es\/wp-json\/wp\/v2\/categories?post=109"},{"taxonomy":"post_tag","embeddable":true,"href":"https:\/\/altovoltajeradio.com\/es\/wp-json\/wp\/v2\/tags?post=109"}],"curies":[{"name":"wp","href":"https:\/\/api.w.org\/{rel}","templated":true}]}}