{"id":115,"date":"2022-03-28T03:10:49","date_gmt":"2022-03-28T03:10:49","guid":{"rendered":"https:\/\/altovoltajeradio.com\/es\/?p=115"},"modified":"2022-03-28T03:10:49","modified_gmt":"2022-03-28T03:10:49","slug":"volcan-nevado-del-ruiz-registra-incremento-importante-en-la-actividad-sismica","status":"publish","type":"post","link":"https:\/\/altovoltajeradio.com\/es\/volcan-nevado-del-ruiz-registra-incremento-importante-en-la-actividad-sismica\/","title":{"rendered":"Volc\u00e1n Nevado del Ruiz registra incremento importante en la actividad s\u00edsmica"},"content":{"rendered":"\n<p>El Servicio Geol\u00f3gico Colombiano emiti\u00f3 un bolet\u00edn de prensa en el que reporta un incremento en la actividad s\u00edsmica del Volc\u00e1n Nevado del Ruiz, asociada al fracturamiento de roca y la ocurrencia de un sismo de car\u00e1cter volcano-tect\u00f3nico con una magnitud de 3.4 grados y a 3.8 kil\u00f3metros de profundidad a las 17:24 Hora Local. La coordinadora del Observatorio Vulcanol\u00f3gico y Sismol\u00f3gico de Manizales, Gloria Patricia Cort\u00e9s explic\u00f3 que en el bolet\u00edn enviado a los gobernadores del Eje Cafetero, Tolima y Cundinamarca, se da cuenta del incremento de la sismicidad desde ayer a las 10 horas .Dijo que no se descarta que se presente actividad que pueda indicar una aceleraci\u00f3n del proceso, implicando mayor inestabilidad del volc\u00e1n y en consecuencia cambios en su nivel de actividad. Si bien, la inestabilidad del volc\u00e1n se ha prolongado ya por once a\u00f1os, es de vital importancia no acostumbrarse a su comportamiento y estar atentos a la informaci\u00f3n oficial que ser\u00e1 publicada por el Servicio Geol\u00f3gico Colombiano. Aclar\u00f3 sin embargo, que el nivel de actividad no cambia y se mantiene en amarillo, que significa cambios constantes en su comportamiento, bien sea en aumento, como en disminuci\u00f3n. Reiter\u00f3 a las autoridades en los departamentos de Caldas y Tolima, extremar acciones enfocadas tanto a procesos de reducci\u00f3n de riesgo como al manejo de desastres como medidas de preparaci\u00f3n ante actividad futura del volc\u00e1n Nevado del Ruiz. Concluy\u00f3 que el Servicio Geol\u00f3gico Colombiano, sigue atento a la evoluci\u00f3n del fen\u00f3meno volc\u00e1nico y continuar\u00e1 informando de manera oportuna los cambios que se puedan presentar. Concluy\u00f3 que adicionalmente, recomienda atender solamente la informaci\u00f3n oficial y visitar su p\u00e1gina web <a rel=\"noreferrer noopener\" href=\"http:\/\/www.sgc.gov.co\/?fbclid=IwAR3XGPzZ08i2c_D_tuoYivU9it0POGVPtksn_ERAYgXY-S8S1onRLqSqB9c\" target=\"_blank\">www.sgc.gov.co<\/a> as\u00ed como sus redes sociales, donde se continuar\u00e1 publicando informaci\u00f3n complementaria a este bolet\u00edn y de inter\u00e9s general.<\/p>\n\n\n\n<figure class=\"wp-block-image size-full\"><img loading=\"lazy\" decoding=\"async\" width=\"709\" height=\"915\" src=\"https:\/\/altovoltajeradio.com\/es\/wp-content\/uploads\/2022\/03\/borradores-4-1.png\" alt=\"\" class=\"wp-image-116\" srcset=\"https:\/\/altovoltajeradio.com\/es\/wp-content\/uploads\/2022\/03\/borradores-4-1.png 709w, https:\/\/altovoltajeradio.com\/es\/wp-content\/uploads\/2022\/03\/borradores-4-1-232x300.png 232w, https:\/\/altovoltajeradio.com\/es\/wp-content\/uploads\/2022\/03\/borradores-4-1-411x530.png 411w\" sizes=\"auto, (max-width: 709px) 100vw, 709px\" \/><\/figure>\n","protected":false},"excerpt":{"rendered":"<p>El Servicio Geol\u00f3gico Colombiano emiti\u00f3 un bolet\u00edn de prensa en [&hellip;]<\/p>\n","protected":false},"author":2,"featured_media":116,"comment_status":"open","ping_status":"open","sticky":false,"template":"","format":"standard","meta":{"footnotes":""},"categories":[4],"tags":[],"class_list":["post-115","post","type-post","status-publish","format-standard","has-post-thumbnail","hentry","category-extra"],"_links":{"self":[{"href":"https:\/\/altovoltajeradio.com\/es\/wp-json\/wp\/v2\/posts\/115","targetHints":{"allow":["GET"]}}],"collection":[{"href":"https:\/\/altovoltajeradio.com\/es\/wp-json\/wp\/v2\/posts"}],"about":[{"href":"https:\/\/altovoltajeradio.com\/es\/wp-json\/wp\/v2\/types\/post"}],"author":[{"embeddable":true,"href":"https:\/\/altovoltajeradio.com\/es\/wp-json\/wp\/v2\/users\/2"}],"replies":[{"embeddable":true,"href":"https:\/\/altovoltajeradio.com\/es\/wp-json\/wp\/v2\/comments?post=115"}],"version-history":[{"count":1,"href":"https:\/\/altovoltajeradio.com\/es\/wp-json\/wp\/v2\/posts\/115\/revisions"}],"predecessor-version":[{"id":117,"href":"https:\/\/altovoltajeradio.com\/es\/wp-json\/wp\/v2\/posts\/115\/revisions\/117"}],"wp:featuredmedia":[{"embeddable":true,"href":"https:\/\/altovoltajeradio.com\/es\/wp-json\/wp\/v2\/media\/116"}],"wp:attachment":[{"href":"https:\/\/altovoltajeradio.com\/es\/wp-json\/wp\/v2\/media?parent=115"}],"wp:term":[{"taxonomy":"category","embeddable":true,"href":"https:\/\/altovoltajeradio.com\/es\/wp-json\/wp\/v2\/categories?post=115"},{"taxonomy":"post_tag","embeddable":true,"href":"https:\/\/altovoltajeradio.com\/es\/wp-json\/wp\/v2\/tags?post=115"}],"curies":[{"name":"wp","href":"https:\/\/api.w.org\/{rel}","templated":true}]}}