{"id":122,"date":"2022-03-29T21:17:14","date_gmt":"2022-03-29T21:17:14","guid":{"rendered":"https:\/\/altovoltajeradio.com\/es\/?p=122"},"modified":"2022-03-29T21:21:33","modified_gmt":"2022-03-29T21:21:33","slug":"fallece-santiago-franco-gallego-hijo-de-periodista-deportivo-manizaleno","status":"publish","type":"post","link":"https:\/\/altovoltajeradio.com\/es\/fallece-santiago-franco-gallego-hijo-de-periodista-deportivo-manizaleno\/","title":{"rendered":"Fallece Santiago Franco Gallego hijo de periodista Deportivo manizale\u00f1o"},"content":{"rendered":"\n<p><\/p>\n\n\n\n<p>En la  madrugada de este martes 29 de marzo falleci\u00f3 en un accidente de tr\u00e1nsito el joven Santiago Franco Gallego de 23 a\u00f1os de edad tras estrellarse el veh\u00edculo en el que viajaba hacia la ciudad de Armenia contra la parte trasera de un tracto cami\u00f3n estacionado a la altura del Kil\u00f3metro 13 de la Autopista del Caf\u00e9, v\u00eda Manizales &#8211; Tres Puertas.<\/p>\n\n\n\n<p>Pese a que fue trasladado por los Bomberos Voluntarios de Chinchin\u00e1 al Hospital Santa Sof\u00eda de Manizales, la gravedad de las heridas en la cabeza, t\u00f3rax y abdomen no permitieron salvarle la vida.<\/p>\n\n\n\n<p>Una vez se conoci\u00f3 la noticia del fallecimiento, ACORD CALDAS lamento el hecho y extendi\u00f3 sus mensajes de condolencia a Rusbelt Franco miembro de esta agremiaci\u00f3n de periodistas deportivos quien adem\u00e1s labora para la cadena radial CARACOL en Manizales. <\/p>\n\n\n\n<p><\/p>\n\n\n\n<p>El joven ingeniero tambi\u00e9n era reconocido por haber pertenecido al Club Milenium sobre ruedas, desde all\u00ed tambi\u00e9n lamentaron profundamente su deceso. \u00abEternamente estar\u00e1s en los corazones de qui\u00e9nes te conocimos y te vimos crecer. Hoy, el cielo te recibe con todos sus \u00e1ngeles y el Se\u00f1or te acoge en su seno. Nuestras m\u00e1s sentidas condolencias a su familia y amigos cercanos\u00bb, manifiestan en su comunicado desde esta organizaci\u00f3n deportiva.<\/p>\n\n\n\n\n\n<figure class=\"wp-block-image size-full\"><img loading=\"lazy\" decoding=\"async\" width=\"701\" height=\"408\" src=\"https:\/\/altovoltajeradio.com\/es\/wp-content\/uploads\/2022\/03\/borradores-2-11.jpg\" alt=\"\" class=\"wp-image-123\" srcset=\"https:\/\/altovoltajeradio.com\/es\/wp-content\/uploads\/2022\/03\/borradores-2-11.jpg 701w, https:\/\/altovoltajeradio.com\/es\/wp-content\/uploads\/2022\/03\/borradores-2-11-300x175.jpg 300w, https:\/\/altovoltajeradio.com\/es\/wp-content\/uploads\/2022\/03\/borradores-2-11-635x370.jpg 635w\" sizes=\"auto, (max-width: 701px) 100vw, 701px\" \/><\/figure>\n\n\n\n<p><\/p>\n","protected":false},"excerpt":{"rendered":"<p>En la madrugada de este martes 29 de marzo falleci\u00f3 [&hellip;]<\/p>\n","protected":false},"author":2,"featured_media":123,"comment_status":"open","ping_status":"open","sticky":false,"template":"","format":"standard","meta":{"footnotes":""},"categories":[10],"tags":[],"class_list":["post-122","post","type-post","status-publish","format-standard","has-post-thumbnail","hentry","category-obituario"],"_links":{"self":[{"href":"https:\/\/altovoltajeradio.com\/es\/wp-json\/wp\/v2\/posts\/122","targetHints":{"allow":["GET"]}}],"collection":[{"href":"https:\/\/altovoltajeradio.com\/es\/wp-json\/wp\/v2\/posts"}],"about":[{"href":"https:\/\/altovoltajeradio.com\/es\/wp-json\/wp\/v2\/types\/post"}],"author":[{"embeddable":true,"href":"https:\/\/altovoltajeradio.com\/es\/wp-json\/wp\/v2\/users\/2"}],"replies":[{"embeddable":true,"href":"https:\/\/altovoltajeradio.com\/es\/wp-json\/wp\/v2\/comments?post=122"}],"version-history":[{"count":2,"href":"https:\/\/altovoltajeradio.com\/es\/wp-json\/wp\/v2\/posts\/122\/revisions"}],"predecessor-version":[{"id":127,"href":"https:\/\/altovoltajeradio.com\/es\/wp-json\/wp\/v2\/posts\/122\/revisions\/127"}],"wp:featuredmedia":[{"embeddable":true,"href":"https:\/\/altovoltajeradio.com\/es\/wp-json\/wp\/v2\/media\/123"}],"wp:attachment":[{"href":"https:\/\/altovoltajeradio.com\/es\/wp-json\/wp\/v2\/media?parent=122"}],"wp:term":[{"taxonomy":"category","embeddable":true,"href":"https:\/\/altovoltajeradio.com\/es\/wp-json\/wp\/v2\/categories?post=122"},{"taxonomy":"post_tag","embeddable":true,"href":"https:\/\/altovoltajeradio.com\/es\/wp-json\/wp\/v2\/tags?post=122"}],"curies":[{"name":"wp","href":"https:\/\/api.w.org\/{rel}","templated":true}]}}