{"id":128,"date":"2022-03-30T22:44:21","date_gmt":"2022-03-30T22:44:21","guid":{"rendered":"https:\/\/altovoltajeradio.com\/es\/?p=128"},"modified":"2022-03-30T22:45:43","modified_gmt":"2022-03-30T22:45:43","slug":"en-marmato-por-accidente-mata-a-su-pequeno-hijo-al-sacar-el-carro","status":"publish","type":"post","link":"https:\/\/altovoltajeradio.com\/es\/en-marmato-por-accidente-mata-a-su-pequeno-hijo-al-sacar-el-carro\/","title":{"rendered":"En Marmato por accidente mata a su peque\u00f1o hijo al sacar el carro"},"content":{"rendered":"\n<figure class=\"wp-block-image size-large\"><img loading=\"lazy\" decoding=\"async\" width=\"534\" height=\"1024\" src=\"https:\/\/altovoltajeradio.com\/es\/wp-content\/uploads\/2022\/03\/borradores-4-10-534x1024.jpg\" alt=\"\" class=\"wp-image-132\" srcset=\"https:\/\/altovoltajeradio.com\/es\/wp-content\/uploads\/2022\/03\/borradores-4-10-534x1024.jpg 534w, https:\/\/altovoltajeradio.com\/es\/wp-content\/uploads\/2022\/03\/borradores-4-10-156x300.jpg 156w, https:\/\/altovoltajeradio.com\/es\/wp-content\/uploads\/2022\/03\/borradores-4-10-276x530.jpg 276w, https:\/\/altovoltajeradio.com\/es\/wp-content\/uploads\/2022\/03\/borradores-4-10.jpg 543w\" sizes=\"auto, (max-width: 534px) 100vw, 534px\" \/><\/figure>\n\n\n\n<p>El lamentable accidente se registr\u00f3 en la ma\u00f1ana de hoy en el Llano Municipio de Marmato, seg\u00fan las primeras versiones mientras el pap\u00e1 del chico sacaba su carro no se percato de que su bebe Sandro Sierra Arango de apenas un a\u00f1o gateando se meti\u00f3 debajo del veh\u00edculo pas\u00e1ndole por encima.<\/p>\n\n\n\n<p>La Administraci\u00f3n Municipal de Marmato en cabeza de su Alcalde, Carlos Yesid Castro Mar\u00edn, de inmediato conoci\u00f3 este caso que es considerado una verdadera tragedia familiar envi\u00f3 su mensaje de condolencia y solidaridad expresando sentidas  condolencias al Empresario y Minero Marmate\u00f1o, Daniel Sierra y a su esposa Yulieth  Arango por el accidental y lamentable fallecimiento de su peque\u00f1o hijo.<\/p>\n\n\n\n<p><\/p>\n\n\n\n<p><\/p>\n\n\n\n<p><\/p>\n\n\n\n<p><\/p>\n","protected":false},"excerpt":{"rendered":"<p>El lamentable accidente se registr\u00f3 en la ma\u00f1ana de hoy [&hellip;]<\/p>\n","protected":false},"author":2,"featured_media":132,"comment_status":"open","ping_status":"open","sticky":false,"template":"","format":"standard","meta":{"footnotes":""},"categories":[1,6],"tags":[],"class_list":["post-128","post","type-post","status-publish","format-standard","has-post-thumbnail","hentry","category-general","category-sucesos"],"_links":{"self":[{"href":"https:\/\/altovoltajeradio.com\/es\/wp-json\/wp\/v2\/posts\/128","targetHints":{"allow":["GET"]}}],"collection":[{"href":"https:\/\/altovoltajeradio.com\/es\/wp-json\/wp\/v2\/posts"}],"about":[{"href":"https:\/\/altovoltajeradio.com\/es\/wp-json\/wp\/v2\/types\/post"}],"author":[{"embeddable":true,"href":"https:\/\/altovoltajeradio.com\/es\/wp-json\/wp\/v2\/users\/2"}],"replies":[{"embeddable":true,"href":"https:\/\/altovoltajeradio.com\/es\/wp-json\/wp\/v2\/comments?post=128"}],"version-history":[{"count":1,"href":"https:\/\/altovoltajeradio.com\/es\/wp-json\/wp\/v2\/posts\/128\/revisions"}],"predecessor-version":[{"id":133,"href":"https:\/\/altovoltajeradio.com\/es\/wp-json\/wp\/v2\/posts\/128\/revisions\/133"}],"wp:featuredmedia":[{"embeddable":true,"href":"https:\/\/altovoltajeradio.com\/es\/wp-json\/wp\/v2\/media\/132"}],"wp:attachment":[{"href":"https:\/\/altovoltajeradio.com\/es\/wp-json\/wp\/v2\/media?parent=128"}],"wp:term":[{"taxonomy":"category","embeddable":true,"href":"https:\/\/altovoltajeradio.com\/es\/wp-json\/wp\/v2\/categories?post=128"},{"taxonomy":"post_tag","embeddable":true,"href":"https:\/\/altovoltajeradio.com\/es\/wp-json\/wp\/v2\/tags?post=128"}],"curies":[{"name":"wp","href":"https:\/\/api.w.org\/{rel}","templated":true}]}}