{"id":146,"date":"2022-04-03T03:39:35","date_gmt":"2022-04-03T03:39:35","guid":{"rendered":"https:\/\/altovoltajeradio.com\/es\/?p=146"},"modified":"2022-04-03T03:53:17","modified_gmt":"2022-04-03T03:53:17","slug":"a-yonathan-alexis-catano-garcia-lo-condenaron-por-tentativa-de-homicidio-en-hechos-ocurridos-hace-7-anos-en-bonafont","status":"publish","type":"post","link":"https:\/\/altovoltajeradio.com\/es\/a-yonathan-alexis-catano-garcia-lo-condenaron-por-tentativa-de-homicidio-en-hechos-ocurridos-hace-7-anos-en-bonafont\/","title":{"rendered":"A Yonathan Alexis Cata\u00f1o Garc\u00eda lo condenaron por tentativa de homicidio en hechos ocurridos hace 7 a\u00f1os en Bonafont"},"content":{"rendered":"\n<p>Yonathan Alexis Cata\u00f1o Garc\u00eda quien ven\u00eda siendo procesado hace siete a\u00f1os por tentativa de homicidio en Bonfanot fue condenado . El Juzgado Penal del Circuito de Riosucio le dio 16 a\u00f1os y 8 meses de prisi\u00f3n, por homicidio agravado tentado.<\/p>\n\n\n\n<p>El caso remonta al 17 de mayo del 2015, sobre las 2:00 de la ma\u00f1ana, cuando Javier Andr\u00e9s C\u00e1rdenas Pinz\u00f3n arrim\u00f3 a la discoteca Capri, ubicada en el casco urbano de Bonafont, con el prop\u00f3sito de buscar a un primo suyo, sin embargo, en la entrada estaba Cata\u00f1o Garc\u00eda, quien le puso zancadilla a Javier Andr\u00e9s. Este \u00faltimo le reclam\u00f3 y sigui\u00f3 su marcha. Pese a eso, el agresor lo alcanz\u00f3 y lo apu\u00f1al\u00f3 en ocho veces en espalda, brazos, t\u00f3rax y abdomen (con exposici\u00f3n de v\u00edsceras).<\/p>\n\n\n\n<p>El herido corri\u00f3 hacia la Estaci\u00f3n de Polic\u00eda, en busca de auxilio, desde donde lo trasladaron hasta el hospital San Juan de Dios de Riosucio. All\u00ed lograron salvarle la vida. Antes de la intervenci\u00f3n les alcanz\u00f3 a contar a los uniformados qui\u00e9n lo atac\u00f3. Su incapacidad fue de 50 d\u00edas.<\/p>\n\n\n\n<p>Al se\u00f1alado, de 28 a\u00f1os, lo llevaron a ante el Juzgado Primero Promiscuo Municipal de Riosucio en Funci\u00f3n de Control de Garant\u00edas, en julio pasado. No acept\u00f3 cargos. Esta semana le dictaron sentencia. Estaba libre y ordenaron detenerlo.<\/p>\n\n\n\n<p>Se supo adem\u00e1s por parte del equipo de investigaci\u00f3n del peri\u00f3dico La Patria que el 25 de marzo, cuando se iba a proferir sentencia de primera instancia, el gobernador del Resguardo Ind\u00edgena Escopetera y Pirza alleg\u00f3 un memorial a trav\u00e9s del cual solicitaba audiencia de cambio de jurisdicci\u00f3n. El juez neg\u00f3 la petici\u00f3n por extemporaneidad. Sin embargo, se le comunic\u00f3 al Inpec la acreditada condici\u00f3n ind\u00edgena ostentada por Yonathan Alexis, para que disponga lo administrativamente necesario para ubicarlo en un pabell\u00f3n adecuado para detenidos con dicho fuero.<\/p>\n\n\n\n<figure class=\"wp-block-image size-full\"><img loading=\"lazy\" decoding=\"async\" width=\"489\" height=\"417\" src=\"https:\/\/altovoltajeradio.com\/es\/wp-content\/uploads\/2022\/04\/borradores-2-1.jpg\" alt=\"\" class=\"wp-image-147\" srcset=\"https:\/\/altovoltajeradio.com\/es\/wp-content\/uploads\/2022\/04\/borradores-2-1.jpg 489w, https:\/\/altovoltajeradio.com\/es\/wp-content\/uploads\/2022\/04\/borradores-2-1-300x256.jpg 300w\" sizes=\"auto, (max-width: 489px) 100vw, 489px\" \/><\/figure>\n","protected":false},"excerpt":{"rendered":"<p>Yonathan Alexis Cata\u00f1o Garc\u00eda quien ven\u00eda siendo procesado hace siete [&hellip;]<\/p>\n","protected":false},"author":2,"featured_media":0,"comment_status":"open","ping_status":"open","sticky":false,"template":"","format":"standard","meta":{"footnotes":""},"categories":[7],"tags":[],"class_list":["post-146","post","type-post","status-publish","format-standard","hentry","category-judicial"],"_links":{"self":[{"href":"https:\/\/altovoltajeradio.com\/es\/wp-json\/wp\/v2\/posts\/146","targetHints":{"allow":["GET"]}}],"collection":[{"href":"https:\/\/altovoltajeradio.com\/es\/wp-json\/wp\/v2\/posts"}],"about":[{"href":"https:\/\/altovoltajeradio.com\/es\/wp-json\/wp\/v2\/types\/post"}],"author":[{"embeddable":true,"href":"https:\/\/altovoltajeradio.com\/es\/wp-json\/wp\/v2\/users\/2"}],"replies":[{"embeddable":true,"href":"https:\/\/altovoltajeradio.com\/es\/wp-json\/wp\/v2\/comments?post=146"}],"version-history":[{"count":2,"href":"https:\/\/altovoltajeradio.com\/es\/wp-json\/wp\/v2\/posts\/146\/revisions"}],"predecessor-version":[{"id":150,"href":"https:\/\/altovoltajeradio.com\/es\/wp-json\/wp\/v2\/posts\/146\/revisions\/150"}],"wp:attachment":[{"href":"https:\/\/altovoltajeradio.com\/es\/wp-json\/wp\/v2\/media?parent=146"}],"wp:term":[{"taxonomy":"category","embeddable":true,"href":"https:\/\/altovoltajeradio.com\/es\/wp-json\/wp\/v2\/categories?post=146"},{"taxonomy":"post_tag","embeddable":true,"href":"https:\/\/altovoltajeradio.com\/es\/wp-json\/wp\/v2\/tags?post=146"}],"curies":[{"name":"wp","href":"https:\/\/api.w.org\/{rel}","templated":true}]}}