{"id":154,"date":"2022-04-04T01:33:12","date_gmt":"2022-04-04T01:33:12","guid":{"rendered":"https:\/\/altovoltajeradio.com\/es\/?p=154"},"modified":"2022-04-04T02:31:34","modified_gmt":"2022-04-04T02:31:34","slug":"capturada-una-persona-indiciada-de-atraco-en-un-bus-en-la-via-la-felisa-medellin","status":"publish","type":"post","link":"https:\/\/altovoltajeradio.com\/es\/capturada-una-persona-indiciada-de-atraco-en-un-bus-en-la-via-la-felisa-medellin\/","title":{"rendered":"Capturada una persona indiciada de atraco en un bus en la v\u00eda La Felisa Medellin"},"content":{"rendered":"\n<p>En La Felisa mientras se realizaba una  actividad de control de registro a una persona y la  de solicitud antecedentes por el sector conocido como puesto nuevo del centro poblado de este corregimiento, se acerca un conductor de un bus afiliado a la empresa Autolegal, quien le indica a los uniformados  que momentos despu\u00e9s de llegar al paradero de buses ubicado en la v\u00eda nacional sentido La Felisa-Medellin se sube a su  veh\u00edculo una persona de tez morena el cual vest\u00eda una camiseta color blanco, jean negro, gorra blanca quien esgrime un arma corto punzante y de forma desafiante y amenazante indicando que se trataba de un atraco y es en ese momento donde el conductor y los pasajeros del bus aproximadamente 12 personas lo confrontan y este intenta huir descendiendo del veh\u00edculo y metiendose a un establecimiento p\u00fablico es all\u00ed donde se logra la captura de este sujeto por parte de la Polic\u00eda dej\u00e1ndolo  a disposici\u00f3n de la fiscal\u00eda.<\/p>\n\n\n\n<figure class=\"wp-block-image size-large\"><img loading=\"lazy\" decoding=\"async\" width=\"901\" height=\"1024\" src=\"https:\/\/altovoltajeradio.com\/es\/wp-content\/uploads\/2022\/04\/borradores-2-4-901x1024.jpg\" alt=\"\" class=\"wp-image-160\" srcset=\"https:\/\/altovoltajeradio.com\/es\/wp-content\/uploads\/2022\/04\/borradores-2-4-901x1024.jpg 901w, https:\/\/altovoltajeradio.com\/es\/wp-content\/uploads\/2022\/04\/borradores-2-4-264x300.jpg 264w, https:\/\/altovoltajeradio.com\/es\/wp-content\/uploads\/2022\/04\/borradores-2-4-768x873.jpg 768w, https:\/\/altovoltajeradio.com\/es\/wp-content\/uploads\/2022\/04\/borradores-2-4-466x530.jpg 466w, https:\/\/altovoltajeradio.com\/es\/wp-content\/uploads\/2022\/04\/borradores-2-4.jpg 1309w\" sizes=\"auto, (max-width: 901px) 100vw, 901px\" \/><\/figure>\n","protected":false},"excerpt":{"rendered":"<p>En La Felisa mientras se realizaba una actividad de control [&hellip;]<\/p>\n","protected":false},"author":2,"featured_media":160,"comment_status":"open","ping_status":"open","sticky":false,"template":"","format":"standard","meta":{"footnotes":""},"categories":[7],"tags":[],"class_list":["post-154","post","type-post","status-publish","format-standard","has-post-thumbnail","hentry","category-judicial"],"_links":{"self":[{"href":"https:\/\/altovoltajeradio.com\/es\/wp-json\/wp\/v2\/posts\/154","targetHints":{"allow":["GET"]}}],"collection":[{"href":"https:\/\/altovoltajeradio.com\/es\/wp-json\/wp\/v2\/posts"}],"about":[{"href":"https:\/\/altovoltajeradio.com\/es\/wp-json\/wp\/v2\/types\/post"}],"author":[{"embeddable":true,"href":"https:\/\/altovoltajeradio.com\/es\/wp-json\/wp\/v2\/users\/2"}],"replies":[{"embeddable":true,"href":"https:\/\/altovoltajeradio.com\/es\/wp-json\/wp\/v2\/comments?post=154"}],"version-history":[{"count":2,"href":"https:\/\/altovoltajeradio.com\/es\/wp-json\/wp\/v2\/posts\/154\/revisions"}],"predecessor-version":[{"id":161,"href":"https:\/\/altovoltajeradio.com\/es\/wp-json\/wp\/v2\/posts\/154\/revisions\/161"}],"wp:featuredmedia":[{"embeddable":true,"href":"https:\/\/altovoltajeradio.com\/es\/wp-json\/wp\/v2\/media\/160"}],"wp:attachment":[{"href":"https:\/\/altovoltajeradio.com\/es\/wp-json\/wp\/v2\/media?parent=154"}],"wp:term":[{"taxonomy":"category","embeddable":true,"href":"https:\/\/altovoltajeradio.com\/es\/wp-json\/wp\/v2\/categories?post=154"},{"taxonomy":"post_tag","embeddable":true,"href":"https:\/\/altovoltajeradio.com\/es\/wp-json\/wp\/v2\/tags?post=154"}],"curies":[{"name":"wp","href":"https:\/\/api.w.org\/{rel}","templated":true}]}}