{"id":166,"date":"2022-04-06T03:14:09","date_gmt":"2022-04-06T03:14:09","guid":{"rendered":"https:\/\/altovoltajeradio.com\/es\/?p=166"},"modified":"2022-04-06T03:14:09","modified_gmt":"2022-04-06T03:14:09","slug":"escandalo-por-el-plagio-del-afiche-de-la-xxvi-feria-de-la-colacion-de-supia","status":"publish","type":"post","link":"https:\/\/altovoltajeradio.com\/es\/escandalo-por-el-plagio-del-afiche-de-la-xxvi-feria-de-la-colacion-de-supia\/","title":{"rendered":"ESC\u00c1NDALO POR EL PLAGIO DEL AFICHE DE LA XXVI FERIA DE LA COLACI\u00d3N DE SUP\u00cdA"},"content":{"rendered":"\n<figure class=\"wp-block-image size-large\"><img loading=\"lazy\" decoding=\"async\" width=\"1024\" height=\"766\" src=\"https:\/\/altovoltajeradio.com\/es\/wp-content\/uploads\/2022\/04\/borradores-2-5-1024x766.jpg\" alt=\"\" class=\"wp-image-167\" srcset=\"https:\/\/altovoltajeradio.com\/es\/wp-content\/uploads\/2022\/04\/borradores-2-5-1024x766.jpg 1024w, https:\/\/altovoltajeradio.com\/es\/wp-content\/uploads\/2022\/04\/borradores-2-5-300x224.jpg 300w, https:\/\/altovoltajeradio.com\/es\/wp-content\/uploads\/2022\/04\/borradores-2-5-768x574.jpg 768w, https:\/\/altovoltajeradio.com\/es\/wp-content\/uploads\/2022\/04\/borradores-2-5-1536x1148.jpg 1536w, https:\/\/altovoltajeradio.com\/es\/wp-content\/uploads\/2022\/04\/borradores-2-5-635x475.jpg 635w, https:\/\/altovoltajeradio.com\/es\/wp-content\/uploads\/2022\/04\/borradores-2-5.jpg 2048w\" sizes=\"auto, (max-width: 1024px) 100vw, 1024px\" \/><\/figure>\n\n\n\n<p>Una vez se conoci\u00f3 el anuncio de los ganadores del Concurso de Dise\u00f1o del afiche de la XXVI Edici\u00f3n de la Feria de la Colaci\u00f3n de Sup\u00eda , que cont\u00f3 con la participaci\u00f3n de las autoridades de Cultura del Municipio y la organizaci\u00f3n de la fiesta en las redes sociales empezaron a circular unos comparativos de esta imagen de comunicaci\u00f3n visual de la fiesta en el que se evidencia lo que consideraron un plagio en la propuesta. De esta manera usuarios de las redes sociales en Sup\u00eda muchos de ellos de amplio conocimiento en fotograf\u00eda y dise\u00f1o pusieron las im\u00e1genes de comparativos del afiche frente a la obra <\/p>\n\n\n\n<p>El ganador corresponde al trabajo presentado por Hilda Clemencia Giraldo Henao y V\u00edctor Manuel Restrepo Giraldo.<\/p>\n\n\n\n<p>No obstante, a los pocos minutos de conocerse esta decisi\u00f3n, el debate estall\u00f3 en las redes sociales cuando varios profesionales de la comunicaci\u00f3n, la fotograf\u00eda y el dise\u00f1o realizaron la comparaci\u00f3n de este afiche con la obra de Karlos Vel\u00e1squez, de all\u00ed seg\u00fan se argumenta por los denunciantes se habr\u00edan tomado vectores y dise\u00f1os originales con el cual su autor obtuvo el segundo lugar de la imagen de la Fiesta Colombia en el Ring Wacom del a\u00f1o 2013.<\/p>\n\n\n\n<p>Por su parte la Alcald\u00eda de Sup\u00eda emiti\u00f3 un comunicado en el que manifiesta que desde all\u00ed con el jurado calificador obraron en el marco de la buena fe en torno a las declaraciones hechas por los ganadores frente a los derechos de autor; \u00abLa Alcald\u00eda de Sup\u00eda, Caldas, manifiesta que respecto a las publicaciones realizadas por medio de las redes sociales frente a la carencia de originalidad del afiche de la XXVI Feria de la Colaci\u00f3n presentado en el \u201cCONCURSO AFICHE DE LA XXVI FERIA DE LA COLACI\u00d3N\u201d por parte de V\u00cdCTOR MANUEL RESTREPO GIRALDO y HILDA CLEMENCIA GIRALDO HENAO, se indica que los mismos realizaron las respectivas declaraciones frente a la titularidad de los derechos morales y patrimoniales de autor, dejando claridad en todo caso que la administraci\u00f3n de Sup\u00eda, Caldas y el jurado calificador, obraron en el marco de la buena fe a la hora de elegir su propuesta.La Alcald\u00eda de Sup\u00eda proceder\u00e1 con la descalificaci\u00f3n de la propuesta presentada por parte de V\u00cdCTOR MANUEL RESTREPO GIRALDO y HILDA CLEMENCIA GIRALDO HENAO y se llevar\u00e1 a cabo la elecci\u00f3n de una nueva propuesta a partir de las presentadas para el CONCURSO AFICHE DE LA XXVI FERIA DE LA COLACI\u00d3N\u00bb<\/p>\n\n\n\n<p><\/p>\n","protected":false},"excerpt":{"rendered":"<p>Una vez se conoci\u00f3 el anuncio de los ganadores del [&hellip;]<\/p>\n","protected":false},"author":2,"featured_media":167,"comment_status":"open","ping_status":"open","sticky":false,"template":"","format":"standard","meta":{"footnotes":""},"categories":[11],"tags":[],"class_list":["post-166","post","type-post","status-publish","format-standard","has-post-thumbnail","hentry","category-cultura"],"_links":{"self":[{"href":"https:\/\/altovoltajeradio.com\/es\/wp-json\/wp\/v2\/posts\/166","targetHints":{"allow":["GET"]}}],"collection":[{"href":"https:\/\/altovoltajeradio.com\/es\/wp-json\/wp\/v2\/posts"}],"about":[{"href":"https:\/\/altovoltajeradio.com\/es\/wp-json\/wp\/v2\/types\/post"}],"author":[{"embeddable":true,"href":"https:\/\/altovoltajeradio.com\/es\/wp-json\/wp\/v2\/users\/2"}],"replies":[{"embeddable":true,"href":"https:\/\/altovoltajeradio.com\/es\/wp-json\/wp\/v2\/comments?post=166"}],"version-history":[{"count":1,"href":"https:\/\/altovoltajeradio.com\/es\/wp-json\/wp\/v2\/posts\/166\/revisions"}],"predecessor-version":[{"id":168,"href":"https:\/\/altovoltajeradio.com\/es\/wp-json\/wp\/v2\/posts\/166\/revisions\/168"}],"wp:featuredmedia":[{"embeddable":true,"href":"https:\/\/altovoltajeradio.com\/es\/wp-json\/wp\/v2\/media\/167"}],"wp:attachment":[{"href":"https:\/\/altovoltajeradio.com\/es\/wp-json\/wp\/v2\/media?parent=166"}],"wp:term":[{"taxonomy":"category","embeddable":true,"href":"https:\/\/altovoltajeradio.com\/es\/wp-json\/wp\/v2\/categories?post=166"},{"taxonomy":"post_tag","embeddable":true,"href":"https:\/\/altovoltajeradio.com\/es\/wp-json\/wp\/v2\/tags?post=166"}],"curies":[{"name":"wp","href":"https:\/\/api.w.org\/{rel}","templated":true}]}}