{"id":169,"date":"2022-04-06T15:09:10","date_gmt":"2022-04-06T15:09:10","guid":{"rendered":"https:\/\/altovoltajeradio.com\/es\/?p=169"},"modified":"2022-04-06T15:09:10","modified_gmt":"2022-04-06T15:09:10","slug":"abuelo-que-abusaba-de-su-nieta-fue-capturado-en-vereda-de-supia","status":"publish","type":"post","link":"https:\/\/altovoltajeradio.com\/es\/abuelo-que-abusaba-de-su-nieta-fue-capturado-en-vereda-de-supia\/","title":{"rendered":"Abuelo que abusaba de su nieta fue capturado en  vereda de Sup\u00eda"},"content":{"rendered":"\n<p>El pasado lunes en horas de la ma\u00f1ana ,  en la vereda Alto sevilla, sector do\u00f1a Ana del municipio de Supia Caldas fue capturado Cornelio Uchima de 72 a\u00f1os natural de este municipio por funcionarios de la Unidad B\u00e1sica de Investigaci\u00f3n Criminal Sup\u00eda, mediante orden judicial emitida por el Juzgado Primero Promiscuo Municipal de Sup\u00eda,  en contra de este se\u00f1or se\u00f1alado de abusar sexualmente de su nieta.<\/p>\n\n\n\n<figure class=\"wp-block-image size-large\"><img loading=\"lazy\" decoding=\"async\" width=\"576\" height=\"1024\" src=\"https:\/\/altovoltajeradio.com\/es\/wp-content\/uploads\/2022\/04\/borradores-2-6-576x1024.jpg\" alt=\"\" class=\"wp-image-170\" srcset=\"https:\/\/altovoltajeradio.com\/es\/wp-content\/uploads\/2022\/04\/borradores-2-6-576x1024.jpg 576w, https:\/\/altovoltajeradio.com\/es\/wp-content\/uploads\/2022\/04\/borradores-2-6-169x300.jpg 169w, https:\/\/altovoltajeradio.com\/es\/wp-content\/uploads\/2022\/04\/borradores-2-6-768x1366.jpg 768w, https:\/\/altovoltajeradio.com\/es\/wp-content\/uploads\/2022\/04\/borradores-2-6-864x1536.jpg 864w, https:\/\/altovoltajeradio.com\/es\/wp-content\/uploads\/2022\/04\/borradores-2-6-298x530.jpg 298w, https:\/\/altovoltajeradio.com\/es\/wp-content\/uploads\/2022\/04\/borradores-2-6.jpg 899w\" sizes=\"auto, (max-width: 576px) 100vw, 576px\" \/><\/figure>\n\n\n\n<p>PARA TENER EN CUENTA: El antes mencionado llevo a cabo tocamientos en los senos a su nieta, hechos que se presentaron en zona rural de la vereda alto Sevilla, sector Do\u00f1a Ana, para el a\u00f1o 2020, cuando la menor tenia 7 a\u00f1os de edad.<\/p>\n\n\n\n<p>Lo anterior se encuentra bajo lado coordinaci\u00f3n de la Fiscal\u00eda Primera Seccional de Riosucio Caldas.<\/p>\n\n\n\n<p><\/p>\n","protected":false},"excerpt":{"rendered":"<p>El pasado lunes en horas de la ma\u00f1ana , en [&hellip;]<\/p>\n","protected":false},"author":2,"featured_media":170,"comment_status":"open","ping_status":"open","sticky":false,"template":"","format":"standard","meta":{"footnotes":""},"categories":[7],"tags":[],"class_list":["post-169","post","type-post","status-publish","format-standard","has-post-thumbnail","hentry","category-judicial"],"_links":{"self":[{"href":"https:\/\/altovoltajeradio.com\/es\/wp-json\/wp\/v2\/posts\/169","targetHints":{"allow":["GET"]}}],"collection":[{"href":"https:\/\/altovoltajeradio.com\/es\/wp-json\/wp\/v2\/posts"}],"about":[{"href":"https:\/\/altovoltajeradio.com\/es\/wp-json\/wp\/v2\/types\/post"}],"author":[{"embeddable":true,"href":"https:\/\/altovoltajeradio.com\/es\/wp-json\/wp\/v2\/users\/2"}],"replies":[{"embeddable":true,"href":"https:\/\/altovoltajeradio.com\/es\/wp-json\/wp\/v2\/comments?post=169"}],"version-history":[{"count":2,"href":"https:\/\/altovoltajeradio.com\/es\/wp-json\/wp\/v2\/posts\/169\/revisions"}],"predecessor-version":[{"id":172,"href":"https:\/\/altovoltajeradio.com\/es\/wp-json\/wp\/v2\/posts\/169\/revisions\/172"}],"wp:featuredmedia":[{"embeddable":true,"href":"https:\/\/altovoltajeradio.com\/es\/wp-json\/wp\/v2\/media\/170"}],"wp:attachment":[{"href":"https:\/\/altovoltajeradio.com\/es\/wp-json\/wp\/v2\/media?parent=169"}],"wp:term":[{"taxonomy":"category","embeddable":true,"href":"https:\/\/altovoltajeradio.com\/es\/wp-json\/wp\/v2\/categories?post=169"},{"taxonomy":"post_tag","embeddable":true,"href":"https:\/\/altovoltajeradio.com\/es\/wp-json\/wp\/v2\/tags?post=169"}],"curies":[{"name":"wp","href":"https:\/\/api.w.org\/{rel}","templated":true}]}}