{"id":173,"date":"2022-04-06T20:23:48","date_gmt":"2022-04-06T20:23:48","guid":{"rendered":"https:\/\/altovoltajeradio.com\/es\/?p=173"},"modified":"2022-04-06T20:23:48","modified_gmt":"2022-04-06T20:23:48","slug":"evacuacion-preventiva-a-esta-hora-en-sector-las-pilas-de-5-viviendas-por-riesgo-de-deslizamiento","status":"publish","type":"post","link":"https:\/\/altovoltajeradio.com\/es\/evacuacion-preventiva-a-esta-hora-en-sector-las-pilas-de-5-viviendas-por-riesgo-de-deslizamiento\/","title":{"rendered":"EVACUACI\u00d3N PREVENTIVA A ESTA HORA EN SECTOR LAS PILAS DE 5 VIVIENDAS POR RIESGO DE DESLIZAMIENTO"},"content":{"rendered":"\n<p>En horas de la ma\u00f1ana de este mi\u00e9rcoles 6 de abril un deslizamiento en inmediaciones de la comunidad de El Tabuyo, v\u00eda  carretera central y el centro poblado de San Lorenzo a ocasionado un derrumbe que restringe la movilidad por este sector, la comunidad ha solicitado el apoyo de Planeaci\u00f3n Municipal de Riosucio con maquinaria que pueda pueda atender esta situaci\u00f3n que restringe la movilidad para esta importante zona.<\/p>\n\n\n\n<p>Tambi\u00e9n se conoci\u00f3 de una compleja situaci\u00f3n hace pocos minutos en la comunidad de Quiebralomo, Sector Las Pilas, se avizora un gran movimiento de tierra que pone en riesgo a 5 viviendas de la zona, sus habitantes est\u00e1n optando por evacuar sus casas, prev\u00e9n una emergencia en el lugar, la quebrada denominada como San Sebasti\u00e1n est\u00e1 totalmente taponada por el deslizamiento, lo que podr\u00e1 ocasionar represamiento de agua y lodo, lo que genera mayor alarma. Se insta a las autoridades municipales y departamentales a que atiendan el clamor de la poblaci\u00f3n para mitigar el riesgo latente en este sector, seg\u00fan han indicado a trav\u00e9s de la p\u00e1gina de facebook el Resguardo ind\u00edgena de Ca\u00f1amomo y Lomaprieta.<\/p>\n\n\n\n<figure class=\"wp-block-image size-large\"><img loading=\"lazy\" decoding=\"async\" width=\"768\" height=\"1024\" src=\"https:\/\/altovoltajeradio.com\/es\/wp-content\/uploads\/2022\/04\/borradores-2-7-768x1024.jpg\" alt=\"\" class=\"wp-image-174\" srcset=\"https:\/\/altovoltajeradio.com\/es\/wp-content\/uploads\/2022\/04\/borradores-2-7-768x1024.jpg 768w, https:\/\/altovoltajeradio.com\/es\/wp-content\/uploads\/2022\/04\/borradores-2-7-225x300.jpg 225w, https:\/\/altovoltajeradio.com\/es\/wp-content\/uploads\/2022\/04\/borradores-2-7-398x530.jpg 398w, https:\/\/altovoltajeradio.com\/es\/wp-content\/uploads\/2022\/04\/borradores-2-7.jpg 960w\" sizes=\"auto, (max-width: 768px) 100vw, 768px\" \/><\/figure>\n","protected":false},"excerpt":{"rendered":"<p>En horas de la ma\u00f1ana de este mi\u00e9rcoles 6 de [&hellip;]<\/p>\n","protected":false},"author":2,"featured_media":174,"comment_status":"open","ping_status":"open","sticky":false,"template":"","format":"standard","meta":{"footnotes":""},"categories":[4],"tags":[],"class_list":["post-173","post","type-post","status-publish","format-standard","has-post-thumbnail","hentry","category-extra"],"_links":{"self":[{"href":"https:\/\/altovoltajeradio.com\/es\/wp-json\/wp\/v2\/posts\/173","targetHints":{"allow":["GET"]}}],"collection":[{"href":"https:\/\/altovoltajeradio.com\/es\/wp-json\/wp\/v2\/posts"}],"about":[{"href":"https:\/\/altovoltajeradio.com\/es\/wp-json\/wp\/v2\/types\/post"}],"author":[{"embeddable":true,"href":"https:\/\/altovoltajeradio.com\/es\/wp-json\/wp\/v2\/users\/2"}],"replies":[{"embeddable":true,"href":"https:\/\/altovoltajeradio.com\/es\/wp-json\/wp\/v2\/comments?post=173"}],"version-history":[{"count":2,"href":"https:\/\/altovoltajeradio.com\/es\/wp-json\/wp\/v2\/posts\/173\/revisions"}],"predecessor-version":[{"id":176,"href":"https:\/\/altovoltajeradio.com\/es\/wp-json\/wp\/v2\/posts\/173\/revisions\/176"}],"wp:featuredmedia":[{"embeddable":true,"href":"https:\/\/altovoltajeradio.com\/es\/wp-json\/wp\/v2\/media\/174"}],"wp:attachment":[{"href":"https:\/\/altovoltajeradio.com\/es\/wp-json\/wp\/v2\/media?parent=173"}],"wp:term":[{"taxonomy":"category","embeddable":true,"href":"https:\/\/altovoltajeradio.com\/es\/wp-json\/wp\/v2\/categories?post=173"},{"taxonomy":"post_tag","embeddable":true,"href":"https:\/\/altovoltajeradio.com\/es\/wp-json\/wp\/v2\/tags?post=173"}],"curies":[{"name":"wp","href":"https:\/\/api.w.org\/{rel}","templated":true}]}}