{"id":181,"date":"2022-04-08T14:32:58","date_gmt":"2022-04-08T14:32:58","guid":{"rendered":"https:\/\/altovoltajeradio.com\/es\/?p=181"},"modified":"2022-04-08T14:32:58","modified_gmt":"2022-04-08T14:32:58","slug":"autoridades-lanzan-campana-de-seguridad-para-semana-santa","status":"publish","type":"post","link":"https:\/\/altovoltajeradio.com\/es\/autoridades-lanzan-campana-de-seguridad-para-semana-santa\/","title":{"rendered":"Autoridades lanzan Campa\u00f1a de seguridad para Semana Santa"},"content":{"rendered":"\n<p>Las autoridades del Departamento de Caldas lanzaron su campa\u00f1a para garantizar la seguridad durante La Semana Santa a trav\u00e9s de un trabajo articulado entre la Gobernaci\u00f3n de Caldas, la Polic\u00eda Nacional y El Ej\u00e9rcito desde donde se  tiene listo el operativo de seguridad para salvaguardar el orden p\u00fablico durante est\u00e1 temporada de la Semana Santa que comienza este domingo con la celebraci\u00f3n del Domingo de Ramos. Las autoridades desplegar\u00e1n en todo el territorio 1.100 polic\u00edas y 900 soldados de la octava brigada del Ej\u00e9rcito Nacional quienes har\u00e1n presencia en las principales v\u00edas de la jurisdicci\u00f3n y en los municipios de car\u00e1cter tur\u00edstico y religioso en esta regi\u00f3n del pa\u00eds. \u201cEl plan, que compromete a m\u00e1s de 2 mil uniformados, contempla una mayor articulaci\u00f3n de las direcciones operativas de la fuerza p\u00fablica para optimizar el servicio en carreteras, terminales de transporte, sitios de peregrinaci\u00f3n, templos, centros comerciales, centros recreacionales y otros lugares de concentraci\u00f3n masiva de ciudadanos\u201d, afirm\u00f3 el gobernador de Caldas, Luis Carlos Vel\u00e1zquez Cardona. El mandatario afirm\u00f3 que se adelantar\u00e1n reuniones en coordinaci\u00f3n con el gremio hotelero y de comerciantes para fortalecer las redes de apoyo en los sectores de mayor afluencia de personas. <\/p>\n\n\n\n<figure class=\"wp-block-image size-full\"><img loading=\"lazy\" decoding=\"async\" width=\"600\" height=\"400\" src=\"https:\/\/altovoltajeradio.com\/es\/wp-content\/uploads\/2022\/04\/borradores-2-9.jpg\" alt=\"\" class=\"wp-image-182\" srcset=\"https:\/\/altovoltajeradio.com\/es\/wp-content\/uploads\/2022\/04\/borradores-2-9.jpg 600w, https:\/\/altovoltajeradio.com\/es\/wp-content\/uploads\/2022\/04\/borradores-2-9-300x200.jpg 300w, https:\/\/altovoltajeradio.com\/es\/wp-content\/uploads\/2022\/04\/borradores-2-9-320x214.jpg 320w\" sizes=\"auto, (max-width: 600px) 100vw, 600px\" \/><\/figure>\n","protected":false},"excerpt":{"rendered":"<p>Las autoridades del Departamento de Caldas lanzaron su campa\u00f1a para [&hellip;]<\/p>\n","protected":false},"author":2,"featured_media":182,"comment_status":"open","ping_status":"open","sticky":false,"template":"","format":"standard","meta":{"footnotes":""},"categories":[6],"tags":[],"class_list":["post-181","post","type-post","status-publish","format-standard","has-post-thumbnail","hentry","category-sucesos"],"_links":{"self":[{"href":"https:\/\/altovoltajeradio.com\/es\/wp-json\/wp\/v2\/posts\/181","targetHints":{"allow":["GET"]}}],"collection":[{"href":"https:\/\/altovoltajeradio.com\/es\/wp-json\/wp\/v2\/posts"}],"about":[{"href":"https:\/\/altovoltajeradio.com\/es\/wp-json\/wp\/v2\/types\/post"}],"author":[{"embeddable":true,"href":"https:\/\/altovoltajeradio.com\/es\/wp-json\/wp\/v2\/users\/2"}],"replies":[{"embeddable":true,"href":"https:\/\/altovoltajeradio.com\/es\/wp-json\/wp\/v2\/comments?post=181"}],"version-history":[{"count":1,"href":"https:\/\/altovoltajeradio.com\/es\/wp-json\/wp\/v2\/posts\/181\/revisions"}],"predecessor-version":[{"id":183,"href":"https:\/\/altovoltajeradio.com\/es\/wp-json\/wp\/v2\/posts\/181\/revisions\/183"}],"wp:featuredmedia":[{"embeddable":true,"href":"https:\/\/altovoltajeradio.com\/es\/wp-json\/wp\/v2\/media\/182"}],"wp:attachment":[{"href":"https:\/\/altovoltajeradio.com\/es\/wp-json\/wp\/v2\/media?parent=181"}],"wp:term":[{"taxonomy":"category","embeddable":true,"href":"https:\/\/altovoltajeradio.com\/es\/wp-json\/wp\/v2\/categories?post=181"},{"taxonomy":"post_tag","embeddable":true,"href":"https:\/\/altovoltajeradio.com\/es\/wp-json\/wp\/v2\/tags?post=181"}],"curies":[{"name":"wp","href":"https:\/\/api.w.org\/{rel}","templated":true}]}}