{"id":204,"date":"2022-04-13T15:45:38","date_gmt":"2022-04-13T15:45:38","guid":{"rendered":"https:\/\/altovoltajeradio.com\/es\/?p=204"},"modified":"2022-04-13T15:45:38","modified_gmt":"2022-04-13T15:45:38","slug":"capturado-el-supuesto-asesino-de-jenny-marcela","status":"publish","type":"post","link":"https:\/\/altovoltajeradio.com\/es\/capturado-el-supuesto-asesino-de-jenny-marcela\/","title":{"rendered":"Capturado el supuesto asesino de Jenny Marcela"},"content":{"rendered":"\n<p>Gracias a la reacci\u00f3n inmediata de la Polic\u00eda  de El Colegio Cundinamarca, se da captura y se le inicia el proceso de legalizaci\u00f3n de captura al supuesto asesino de la j\u00f3ven  Jenny Marcela Tovar \u00c1lvarez frente al Supermercado D1 de dicho municipio. V\u00edctima Jenny Marcela Tovar \u00c1lvarez de 27 A\u00f1os y natural de Riosucio deja una menor de ocho a\u00f1os. <\/p>\n\n\n\n<p>El brutal feminicidio produjo consternaci\u00f3n en Cundinamarca y en Riosucio de donde era oriunda la victima. Esta mujer fue asesinada por su expareja en v\u00eda p\u00fablica. La familia de la v\u00edctima dice que hab\u00eda denuncias contra el agresor: \u201cElla huy\u00f3 de Medell\u00edn y ac\u00e1 la localiz\u00f3. Se supone que la justicia debe actuar\u201d, dijo uno de sus hermanos a uno de los medios de comunicaci\u00f3n nacioanl.<\/p>\n\n\n\n<figure class=\"wp-block-image size-large\"><img loading=\"lazy\" decoding=\"async\" width=\"768\" height=\"1024\" src=\"https:\/\/altovoltajeradio.com\/es\/wp-content\/uploads\/2022\/04\/borradores-1-768x1024.jpg\" alt=\"\" class=\"wp-image-205\" srcset=\"https:\/\/altovoltajeradio.com\/es\/wp-content\/uploads\/2022\/04\/borradores-1-768x1024.jpg 768w, https:\/\/altovoltajeradio.com\/es\/wp-content\/uploads\/2022\/04\/borradores-1-225x300.jpg 225w, https:\/\/altovoltajeradio.com\/es\/wp-content\/uploads\/2022\/04\/borradores-1-398x530.jpg 398w, https:\/\/altovoltajeradio.com\/es\/wp-content\/uploads\/2022\/04\/borradores-1.jpg 864w\" sizes=\"auto, (max-width: 768px) 100vw, 768px\" \/><\/figure>\n","protected":false},"excerpt":{"rendered":"<p>Gracias a la reacci\u00f3n inmediata de la Polic\u00eda de El [&hellip;]<\/p>\n","protected":false},"author":2,"featured_media":205,"comment_status":"open","ping_status":"open","sticky":false,"template":"","format":"standard","meta":{"footnotes":""},"categories":[7],"tags":[],"class_list":["post-204","post","type-post","status-publish","format-standard","has-post-thumbnail","hentry","category-judicial"],"_links":{"self":[{"href":"https:\/\/altovoltajeradio.com\/es\/wp-json\/wp\/v2\/posts\/204","targetHints":{"allow":["GET"]}}],"collection":[{"href":"https:\/\/altovoltajeradio.com\/es\/wp-json\/wp\/v2\/posts"}],"about":[{"href":"https:\/\/altovoltajeradio.com\/es\/wp-json\/wp\/v2\/types\/post"}],"author":[{"embeddable":true,"href":"https:\/\/altovoltajeradio.com\/es\/wp-json\/wp\/v2\/users\/2"}],"replies":[{"embeddable":true,"href":"https:\/\/altovoltajeradio.com\/es\/wp-json\/wp\/v2\/comments?post=204"}],"version-history":[{"count":1,"href":"https:\/\/altovoltajeradio.com\/es\/wp-json\/wp\/v2\/posts\/204\/revisions"}],"predecessor-version":[{"id":206,"href":"https:\/\/altovoltajeradio.com\/es\/wp-json\/wp\/v2\/posts\/204\/revisions\/206"}],"wp:featuredmedia":[{"embeddable":true,"href":"https:\/\/altovoltajeradio.com\/es\/wp-json\/wp\/v2\/media\/205"}],"wp:attachment":[{"href":"https:\/\/altovoltajeradio.com\/es\/wp-json\/wp\/v2\/media?parent=204"}],"wp:term":[{"taxonomy":"category","embeddable":true,"href":"https:\/\/altovoltajeradio.com\/es\/wp-json\/wp\/v2\/categories?post=204"},{"taxonomy":"post_tag","embeddable":true,"href":"https:\/\/altovoltajeradio.com\/es\/wp-json\/wp\/v2\/tags?post=204"}],"curies":[{"name":"wp","href":"https:\/\/api.w.org\/{rel}","templated":true}]}}