{"id":221,"date":"2022-04-20T17:32:37","date_gmt":"2022-04-20T17:32:37","guid":{"rendered":"https:\/\/altovoltajeradio.com\/es\/?p=221"},"modified":"2022-04-20T22:45:01","modified_gmt":"2022-04-20T22:45:01","slug":"se-prenden-las-alarmas-por-brote-de-varicela-en-colegio-de-san-lorenzo","status":"publish","type":"post","link":"https:\/\/altovoltajeradio.com\/es\/se-prenden-las-alarmas-por-brote-de-varicela-en-colegio-de-san-lorenzo\/","title":{"rendered":"Se prenden las alarmas por brote de varicela en colegio de San Lorenzo"},"content":{"rendered":"\n<p><strong><em>Mucha atenci\u00f3n que en el Colegio Oficial Mixto de San Lorenzo se han prendido las alarmas tras detectarse un brote de varicela dentro del plantel educativo, Son 11 casos a la fecha. 2 grupos se encuentran en este momento en cuarentena. La Secretaria de Salud local, Yurani Echeverry ha indicado a este medio que ya se hizo el despliegue del personal y se solicitaron las acciones tanto individual como colectivas del caso<\/em><\/strong>, la tasa de ataque es del 2%. La funcionaria agrego que dentro de las acciones que se vienen adelantando se encuentran: Investigaci\u00f3n de los casos, aislamiento para los caso y contactos estrechos, uso de tapabocas. lavado de manos, limpieza y desinfecci\u00f3n de las \u00e1reas comunes. Tambi\u00e9n ha hecho \u00e9nfasis en cuanto a que el incremento de la \u00e9poca invernal hace que aumenten estos casos.<\/p>\n\n\n\n<figure class=\"wp-block-image size-full\"><img loading=\"lazy\" decoding=\"async\" width=\"1024\" height=\"768\" src=\"https:\/\/altovoltajeradio.com\/es\/wp-content\/uploads\/2022\/04\/borradores-2-19.jpg\" alt=\"\" class=\"wp-image-225\" srcset=\"https:\/\/altovoltajeradio.com\/es\/wp-content\/uploads\/2022\/04\/borradores-2-19.jpg 1024w, https:\/\/altovoltajeradio.com\/es\/wp-content\/uploads\/2022\/04\/borradores-2-19-300x225.jpg 300w, https:\/\/altovoltajeradio.com\/es\/wp-content\/uploads\/2022\/04\/borradores-2-19-768x576.jpg 768w, https:\/\/altovoltajeradio.com\/es\/wp-content\/uploads\/2022\/04\/borradores-2-19-635x476.jpg 635w\" sizes=\"auto, (max-width: 1024px) 100vw, 1024px\" \/><\/figure>\n","protected":false},"excerpt":{"rendered":"<p>Mucha atenci\u00f3n que en el Colegio Oficial Mixto de San [&hellip;]<\/p>\n","protected":false},"author":2,"featured_media":225,"comment_status":"open","ping_status":"open","sticky":false,"template":"","format":"standard","meta":{"footnotes":""},"categories":[4],"tags":[],"class_list":["post-221","post","type-post","status-publish","format-standard","has-post-thumbnail","hentry","category-extra"],"_links":{"self":[{"href":"https:\/\/altovoltajeradio.com\/es\/wp-json\/wp\/v2\/posts\/221","targetHints":{"allow":["GET"]}}],"collection":[{"href":"https:\/\/altovoltajeradio.com\/es\/wp-json\/wp\/v2\/posts"}],"about":[{"href":"https:\/\/altovoltajeradio.com\/es\/wp-json\/wp\/v2\/types\/post"}],"author":[{"embeddable":true,"href":"https:\/\/altovoltajeradio.com\/es\/wp-json\/wp\/v2\/users\/2"}],"replies":[{"embeddable":true,"href":"https:\/\/altovoltajeradio.com\/es\/wp-json\/wp\/v2\/comments?post=221"}],"version-history":[{"count":2,"href":"https:\/\/altovoltajeradio.com\/es\/wp-json\/wp\/v2\/posts\/221\/revisions"}],"predecessor-version":[{"id":228,"href":"https:\/\/altovoltajeradio.com\/es\/wp-json\/wp\/v2\/posts\/221\/revisions\/228"}],"wp:featuredmedia":[{"embeddable":true,"href":"https:\/\/altovoltajeradio.com\/es\/wp-json\/wp\/v2\/media\/225"}],"wp:attachment":[{"href":"https:\/\/altovoltajeradio.com\/es\/wp-json\/wp\/v2\/media?parent=221"}],"wp:term":[{"taxonomy":"category","embeddable":true,"href":"https:\/\/altovoltajeradio.com\/es\/wp-json\/wp\/v2\/categories?post=221"},{"taxonomy":"post_tag","embeddable":true,"href":"https:\/\/altovoltajeradio.com\/es\/wp-json\/wp\/v2\/tags?post=221"}],"curies":[{"name":"wp","href":"https:\/\/api.w.org\/{rel}","templated":true}]}}