{"id":229,"date":"2022-04-21T14:25:36","date_gmt":"2022-04-21T14:25:36","guid":{"rendered":"https:\/\/altovoltajeradio.com\/es\/?p=229"},"modified":"2022-04-21T14:25:36","modified_gmt":"2022-04-21T14:25:36","slug":"cerrada-via-la-felisa-la-pintada-de-manera-total-e-indefinida","status":"publish","type":"post","link":"https:\/\/altovoltajeradio.com\/es\/cerrada-via-la-felisa-la-pintada-de-manera-total-e-indefinida\/","title":{"rendered":"Cerrada v\u00eda La Felisa &#8211; La Pintada de manera total e indefinida"},"content":{"rendered":"\n<p>Concesi\u00f3n Pac\u00edfico 3 ha anunciado cierre total de la v\u00eda La Felisa- La Pintada a causa de un derrumbe en el sector conocido como Puente Arqu\u00eda en el cual tambi\u00e9n result\u00f3 afectado el poliducto de Ecopetrol .En el informe se destaca que  en la madrugada de este jueves 21 de abril , con ocasi\u00f3n de las fuertes lluvias ocurridas, se present\u00f3 un derrumbe en dicho sector, el cual afect\u00f3 tuber\u00eda de Ecopetrol, operada por Cenit y el concesionario y la v\u00eda . Debido a esta situaci\u00f3n, se est\u00e1n aplicando los protocolos de seguridad correspondientes, los cuales conllevan a revisar y evaluar las acciones relacionadas con el poliducto por parte de Cenit y posteriormente el restablecimiento de la v\u00eda a cargo de la Concesi\u00f3n. Por lo anterior, se realiza cierre total indefinido entre La Felisa \u2013 La Pintada hasta tanto se supere la situaci\u00f3n y se recuperen las condiciones t\u00e9cnicas y de seguridad del poliducto y de la v\u00eda. Concesi\u00f3n Pac\u00edfico 3 recomienda a los usuarios no tomar esta v\u00eda, en el tramo mencionado. Las v\u00edas sugeridas son:\u2022 Medell\u00edn \u2013 La Dorada \u2013 Manizales. <\/p>\n\n\n\n<figure class=\"wp-block-image size-large\"><img loading=\"lazy\" decoding=\"async\" width=\"1024\" height=\"492\" src=\"https:\/\/altovoltajeradio.com\/es\/wp-content\/uploads\/2022\/04\/borradores-2-20-1024x492.jpg\" alt=\"\" class=\"wp-image-230\" srcset=\"https:\/\/altovoltajeradio.com\/es\/wp-content\/uploads\/2022\/04\/borradores-2-20-1024x492.jpg 1024w, https:\/\/altovoltajeradio.com\/es\/wp-content\/uploads\/2022\/04\/borradores-2-20-300x144.jpg 300w, https:\/\/altovoltajeradio.com\/es\/wp-content\/uploads\/2022\/04\/borradores-2-20-768x369.jpg 768w, https:\/\/altovoltajeradio.com\/es\/wp-content\/uploads\/2022\/04\/borradores-2-20-635x305.jpg 635w, https:\/\/altovoltajeradio.com\/es\/wp-content\/uploads\/2022\/04\/borradores-2-20.jpg 1040w\" sizes=\"auto, (max-width: 1024px) 100vw, 1024px\" \/><\/figure>\n","protected":false},"excerpt":{"rendered":"<p>Concesi\u00f3n Pac\u00edfico 3 ha anunciado cierre total de la v\u00eda [&hellip;]<\/p>\n","protected":false},"author":2,"featured_media":230,"comment_status":"open","ping_status":"open","sticky":false,"template":"","format":"standard","meta":{"footnotes":""},"categories":[13],"tags":[],"class_list":["post-229","post","type-post","status-publish","format-standard","has-post-thumbnail","hentry","category-vias"],"_links":{"self":[{"href":"https:\/\/altovoltajeradio.com\/es\/wp-json\/wp\/v2\/posts\/229","targetHints":{"allow":["GET"]}}],"collection":[{"href":"https:\/\/altovoltajeradio.com\/es\/wp-json\/wp\/v2\/posts"}],"about":[{"href":"https:\/\/altovoltajeradio.com\/es\/wp-json\/wp\/v2\/types\/post"}],"author":[{"embeddable":true,"href":"https:\/\/altovoltajeradio.com\/es\/wp-json\/wp\/v2\/users\/2"}],"replies":[{"embeddable":true,"href":"https:\/\/altovoltajeradio.com\/es\/wp-json\/wp\/v2\/comments?post=229"}],"version-history":[{"count":1,"href":"https:\/\/altovoltajeradio.com\/es\/wp-json\/wp\/v2\/posts\/229\/revisions"}],"predecessor-version":[{"id":231,"href":"https:\/\/altovoltajeradio.com\/es\/wp-json\/wp\/v2\/posts\/229\/revisions\/231"}],"wp:featuredmedia":[{"embeddable":true,"href":"https:\/\/altovoltajeradio.com\/es\/wp-json\/wp\/v2\/media\/230"}],"wp:attachment":[{"href":"https:\/\/altovoltajeradio.com\/es\/wp-json\/wp\/v2\/media?parent=229"}],"wp:term":[{"taxonomy":"category","embeddable":true,"href":"https:\/\/altovoltajeradio.com\/es\/wp-json\/wp\/v2\/categories?post=229"},{"taxonomy":"post_tag","embeddable":true,"href":"https:\/\/altovoltajeradio.com\/es\/wp-json\/wp\/v2\/tags?post=229"}],"curies":[{"name":"wp","href":"https:\/\/api.w.org\/{rel}","templated":true}]}}