{"id":240,"date":"2022-04-22T15:14:13","date_gmt":"2022-04-22T15:14:13","guid":{"rendered":"https:\/\/altovoltajeradio.com\/es\/?p=240"},"modified":"2022-04-22T15:14:13","modified_gmt":"2022-04-22T15:14:13","slug":"habilitada-a-un-carril-la-via-manizales-medellin-tras-derrumbe-puente-arquia","status":"publish","type":"post","link":"https:\/\/altovoltajeradio.com\/es\/habilitada-a-un-carril-la-via-manizales-medellin-tras-derrumbe-puente-arquia\/","title":{"rendered":"Habilitada a un carril la v\u00eda Manizales &#8211; Medell\u00edn tras derrumbe Puente Arqu\u00eda"},"content":{"rendered":"\n<p>La v\u00eda que conecta a Medell\u00edn con el suroccidente colombiano fue habilitada a un carril, tras el deslizamiento de tierra que afect\u00f3 el poliducto de Ecopetrol. La Concesi\u00f3n Pac\u00edfico Tres anunci\u00f3 en la madrugada de este viernes 22 de abril que esta v\u00eda  fue habilitada con paso a un carril, luego de que hab\u00eda un cierre indefinido tras el derrumbe que cay\u00f3 y que afect\u00f3 el poliducto Cartago-Medell\u00edn. La dificultad se presenta en el Puente Arqu\u00eda trayecto entre La Felisa Caldas y La pintada-Antioquia, donde hay tr\u00e1nsito restringido, mientras que por el otro carril la empresa Ecopetrol mantiene los trabajos de refacci\u00f3n de la tuber\u00eda afectada por el deslizamiento de tierra y que provoc\u00f3 la suspensi\u00f3n del bombeo de combustible.<\/p>\n\n\n\n<p>De acuerdo a la comunicaci\u00f3n de la Concesi\u00f3n Pacifico Tres se restablecen los pasos controlados, con modalidad de pare y siga, siete  ubicados a lo largo del tramo La Felisa \u2013 La Pintada, agregan que personal de la Concesi\u00f3n con el apoyo de la Polic\u00eda Nacional est\u00e1 trabajando para evacuar de manera segura el alto flujo vehicular represado en el sector. Recomienda a los usuarios de la v\u00eda transitar con precauci\u00f3n para mantener la operaci\u00f3n de la v\u00eda si la condici\u00f3n del poliducto y el clima lo contin\u00faan permitiendo.<\/p>\n\n\n\n<figure class=\"wp-block-image size-full\"><img loading=\"lazy\" decoding=\"async\" width=\"948\" height=\"508\" src=\"https:\/\/altovoltajeradio.com\/es\/wp-content\/uploads\/2022\/04\/borradores-2.png\" alt=\"\" class=\"wp-image-241\" srcset=\"https:\/\/altovoltajeradio.com\/es\/wp-content\/uploads\/2022\/04\/borradores-2.png 948w, https:\/\/altovoltajeradio.com\/es\/wp-content\/uploads\/2022\/04\/borradores-2-300x161.png 300w, https:\/\/altovoltajeradio.com\/es\/wp-content\/uploads\/2022\/04\/borradores-2-768x412.png 768w, https:\/\/altovoltajeradio.com\/es\/wp-content\/uploads\/2022\/04\/borradores-2-635x340.png 635w\" sizes=\"auto, (max-width: 948px) 100vw, 948px\" \/><\/figure>\n","protected":false},"excerpt":{"rendered":"<p>La v\u00eda que conecta a Medell\u00edn con el suroccidente colombiano [&hellip;]<\/p>\n","protected":false},"author":2,"featured_media":241,"comment_status":"open","ping_status":"open","sticky":true,"template":"","format":"standard","meta":{"footnotes":""},"categories":[13],"tags":[],"class_list":["post-240","post","type-post","status-publish","format-standard","has-post-thumbnail","hentry","category-vias"],"_links":{"self":[{"href":"https:\/\/altovoltajeradio.com\/es\/wp-json\/wp\/v2\/posts\/240","targetHints":{"allow":["GET"]}}],"collection":[{"href":"https:\/\/altovoltajeradio.com\/es\/wp-json\/wp\/v2\/posts"}],"about":[{"href":"https:\/\/altovoltajeradio.com\/es\/wp-json\/wp\/v2\/types\/post"}],"author":[{"embeddable":true,"href":"https:\/\/altovoltajeradio.com\/es\/wp-json\/wp\/v2\/users\/2"}],"replies":[{"embeddable":true,"href":"https:\/\/altovoltajeradio.com\/es\/wp-json\/wp\/v2\/comments?post=240"}],"version-history":[{"count":1,"href":"https:\/\/altovoltajeradio.com\/es\/wp-json\/wp\/v2\/posts\/240\/revisions"}],"predecessor-version":[{"id":242,"href":"https:\/\/altovoltajeradio.com\/es\/wp-json\/wp\/v2\/posts\/240\/revisions\/242"}],"wp:featuredmedia":[{"embeddable":true,"href":"https:\/\/altovoltajeradio.com\/es\/wp-json\/wp\/v2\/media\/241"}],"wp:attachment":[{"href":"https:\/\/altovoltajeradio.com\/es\/wp-json\/wp\/v2\/media?parent=240"}],"wp:term":[{"taxonomy":"category","embeddable":true,"href":"https:\/\/altovoltajeradio.com\/es\/wp-json\/wp\/v2\/categories?post=240"},{"taxonomy":"post_tag","embeddable":true,"href":"https:\/\/altovoltajeradio.com\/es\/wp-json\/wp\/v2\/tags?post=240"}],"curies":[{"name":"wp","href":"https:\/\/api.w.org\/{rel}","templated":true}]}}