{"id":247,"date":"2022-04-23T21:27:38","date_gmt":"2022-04-23T21:27:38","guid":{"rendered":"https:\/\/altovoltajeradio.com\/es\/?p=247"},"modified":"2022-04-23T21:27:38","modified_gmt":"2022-04-23T21:27:38","slug":"casos-de-accidentalidad-en-carreteras-de-caldas","status":"publish","type":"post","link":"https:\/\/altovoltajeradio.com\/es\/casos-de-accidentalidad-en-carreteras-de-caldas\/","title":{"rendered":"Casos de accidentalidad en carreteras de Caldas"},"content":{"rendered":"\n<p>En Neira el d\u00eda de hoy en la v\u00eda que conecta a los municipios de Neira y Aranzazu, un \u00e1rbol cay\u00f3 sobre una motocicleta que se movilizaba por el sector, en los hechos, el conductor qued\u00f3 lesionado y su acompa\u00f1ante muri\u00f3 en el sitio<\/p>\n\n\n\n<p>Seg\u00fan el informe oficial de las autoridades, <\/p>\n\n\n\n<p>Un tr\u00e1gico accidente se registr\u00f3 en las v\u00edas del norte de Caldas, entre los municipios de Neira y Aranzazu, m\u00e1s precisamente en el sector conocido como Dantas, donde dos motociclistas estaban a la espera de continuar con su tr\u00e1nsito por el carreteable, mientras remov\u00edan un deslizamiento, cuando un \u00e1rbol les cay\u00f3 encima. Lamentablemente una mujer que viajaba en calidad de parrillera muri\u00f3 de manera inmediata como consecuencia del fuerte impacto, mientras que el conductor del motorizado qued\u00f3 gravemente herido y fue transportado de urgencia por el Cuerpo Oficial de Bomberos de Neira al municipio de San Jos\u00e9. Las autoridades de tr\u00e1nsito insisten en abstenerse de viajar por las v\u00edas departamentales que se encuentran en dif\u00edciles condiciones de circulaci\u00f3n, o en horas de la noche y menos a\u00fan cuando se presentan lluvias.<\/p>\n\n\n\n<p>En el corredor que conecta a Manizales, Neira y Aranzazu se presentaron alrededor de 12 deslizamientos con ca\u00edda de \u00e1rboles, en el lugar la Secretar\u00eda de Infraestructura de Caldas se encuentra realizando labores para habilitar el paso.<\/p>\n\n\n\n<p>Entre tanto en Anserma hace pocos minutos se registr\u00f3 un grave accidente. El cuerpo de bomberos y Defensa civil de este Municipio al Occidente del Departamento, atendieron un accidente de tr\u00e1nsito en la carretera troncal de occidente, a la altura del antiguo basurero, donde un veh\u00edculo con 6 ocupantes se sale de la v\u00eda, choca contra un \u00e1rbol y sufre volcamiento lateral. En el suceso tres personas resultan lesionadas, todas fueron llevadas al servicio de urgencias del Hospital San Vicente de Pa\u00fal, las causas se desconocen. Al parecer los ciudadanos ven\u00edan del municipio de la Virginia con rumbo al sector de la malasia, zona rural de Anserma.<\/p>\n\n\n\n<figure class=\"wp-block-image size-full\"><img loading=\"lazy\" decoding=\"async\" width=\"800\" height=\"800\" src=\"https:\/\/altovoltajeradio.com\/es\/wp-content\/uploads\/2022\/04\/Moss-Green-Travel-Photos-Animated-Social-Media-Graphic.jpg\" alt=\"\" class=\"wp-image-248\" srcset=\"https:\/\/altovoltajeradio.com\/es\/wp-content\/uploads\/2022\/04\/Moss-Green-Travel-Photos-Animated-Social-Media-Graphic.jpg 800w, https:\/\/altovoltajeradio.com\/es\/wp-content\/uploads\/2022\/04\/Moss-Green-Travel-Photos-Animated-Social-Media-Graphic-300x300.jpg 300w, https:\/\/altovoltajeradio.com\/es\/wp-content\/uploads\/2022\/04\/Moss-Green-Travel-Photos-Animated-Social-Media-Graphic-150x150.jpg 150w, https:\/\/altovoltajeradio.com\/es\/wp-content\/uploads\/2022\/04\/Moss-Green-Travel-Photos-Animated-Social-Media-Graphic-768x768.jpg 768w, https:\/\/altovoltajeradio.com\/es\/wp-content\/uploads\/2022\/04\/Moss-Green-Travel-Photos-Animated-Social-Media-Graphic-84x84.jpg 84w, https:\/\/altovoltajeradio.com\/es\/wp-content\/uploads\/2022\/04\/Moss-Green-Travel-Photos-Animated-Social-Media-Graphic-530x530.jpg 530w, https:\/\/altovoltajeradio.com\/es\/wp-content\/uploads\/2022\/04\/Moss-Green-Travel-Photos-Animated-Social-Media-Graphic-469x469.jpg 469w\" sizes=\"auto, (max-width: 800px) 100vw, 800px\" \/><\/figure>\n\n\n\n<p><\/p>\n","protected":false},"excerpt":{"rendered":"<p>En Neira el d\u00eda de hoy en la v\u00eda que [&hellip;]<\/p>\n","protected":false},"author":2,"featured_media":248,"comment_status":"open","ping_status":"open","sticky":true,"template":"","format":"standard","meta":{"footnotes":""},"categories":[13],"tags":[],"class_list":["post-247","post","type-post","status-publish","format-standard","has-post-thumbnail","hentry","category-vias"],"_links":{"self":[{"href":"https:\/\/altovoltajeradio.com\/es\/wp-json\/wp\/v2\/posts\/247","targetHints":{"allow":["GET"]}}],"collection":[{"href":"https:\/\/altovoltajeradio.com\/es\/wp-json\/wp\/v2\/posts"}],"about":[{"href":"https:\/\/altovoltajeradio.com\/es\/wp-json\/wp\/v2\/types\/post"}],"author":[{"embeddable":true,"href":"https:\/\/altovoltajeradio.com\/es\/wp-json\/wp\/v2\/users\/2"}],"replies":[{"embeddable":true,"href":"https:\/\/altovoltajeradio.com\/es\/wp-json\/wp\/v2\/comments?post=247"}],"version-history":[{"count":1,"href":"https:\/\/altovoltajeradio.com\/es\/wp-json\/wp\/v2\/posts\/247\/revisions"}],"predecessor-version":[{"id":249,"href":"https:\/\/altovoltajeradio.com\/es\/wp-json\/wp\/v2\/posts\/247\/revisions\/249"}],"wp:featuredmedia":[{"embeddable":true,"href":"https:\/\/altovoltajeradio.com\/es\/wp-json\/wp\/v2\/media\/248"}],"wp:attachment":[{"href":"https:\/\/altovoltajeradio.com\/es\/wp-json\/wp\/v2\/media?parent=247"}],"wp:term":[{"taxonomy":"category","embeddable":true,"href":"https:\/\/altovoltajeradio.com\/es\/wp-json\/wp\/v2\/categories?post=247"},{"taxonomy":"post_tag","embeddable":true,"href":"https:\/\/altovoltajeradio.com\/es\/wp-json\/wp\/v2\/tags?post=247"}],"curies":[{"name":"wp","href":"https:\/\/api.w.org\/{rel}","templated":true}]}}