{"id":257,"date":"2022-04-27T02:14:43","date_gmt":"2022-04-27T02:14:43","guid":{"rendered":"https:\/\/altovoltajeradio.com\/es\/?p=257"},"modified":"2022-04-27T02:14:43","modified_gmt":"2022-04-27T02:14:43","slug":"consejo-de-seguridad-para-salvaguardar-la-seguridad-y-sana-convivencia-ante-posibles-manifestaciones-en-el-departamento","status":"publish","type":"post","link":"https:\/\/altovoltajeradio.com\/es\/consejo-de-seguridad-para-salvaguardar-la-seguridad-y-sana-convivencia-ante-posibles-manifestaciones-en-el-departamento\/","title":{"rendered":"Consejo de Seguridad para salvaguardar la seguridad y sana convivencia ante posibles manifestaciones en el Departamento."},"content":{"rendered":"\n<p>Con la presencia de la Viceministra para las pol\u00edticas de defensa y seguridad, Sandra Alzate Cifuentes, se desarroll\u00f3 el Consejo de Seguridad regional ayer con el objetivo de planificar los operativos de seguridad para salvaguardar el orden p\u00fablico durante las jornadas de manifestaciones de este jueves 28 de abril y domingo primero de mayo. La funcionaria del Alto Gobierno explic\u00f3 que para custodiar esta jornada de protestas se reforzar\u00e1n los escuadrones del ESMAD y se pondr\u00e1 especial atenci\u00f3n a los puntos viales que pueden ser objeto de bloqueos y que pueden derivar en graves consecuencias para la movilidad y el comercio de la naci\u00f3n. No se van a permitir acciones por v\u00eda de hecho, determinamos que no vamos a permitir desabastecimiento, ni bloqueos, ni actos de vandalismo o afectaciones a los derechos y libertades de todos los ciudadanos. Respetamos, acompa\u00f1amos y garantizamos la manifestaci\u00f3n pac\u00edfica como derecho constitucional sagrado de la democracia, pero seremos contundentes con los violentos. Alzate Cifuentes asegur\u00f3 que en la inteligencia del Ministerio de Defensa tienen informaci\u00f3n sobre posibles infiltraciones de las marchas por integrantes de organizaciones al margen de la ley que potencialmente puedan generar actos vand\u00e1licos.<\/p>\n\n\n\n<p> Fueron dispuestos 1.143 hombres y mujeres como equipos b\u00e1sicos de intervenci\u00f3n para garantizar la seguridad y normal desarrollo de la protesta pac\u00edfica. La Polic\u00eda Nacional dispuso un apoyo temporal de 216 funcionarios de polic\u00eda adicionales para fortalecer los dispositivos de seguridad\u201d, explic\u00f3 la Viceministra de Defensa. <\/p>\n\n\n\n<p>Por su parte. el Secretario de Gobierno de Caldas, John Jairo Casta\u00f1o Fl\u00f3rez, asegur\u00f3 que focalizar\u00e1n su atenci\u00f3n en municipios como Manizales, Belalc\u00e1zar, Riosucio y Sup\u00eda donde se adelantar\u00e1n las principales manifestaciones. Adem\u00e1s, custodiar\u00e1n peajes, e instalaciones policiales como los CAI. <\/p>\n\n\n\n<p><\/p>\n\n\n\n<figure class=\"wp-block-image size-full\"><img loading=\"lazy\" decoding=\"async\" width=\"1024\" height=\"649\" src=\"https:\/\/altovoltajeradio.com\/es\/wp-content\/uploads\/2022\/04\/borradores-2-25.jpg\" alt=\"\" class=\"wp-image-258\" srcset=\"https:\/\/altovoltajeradio.com\/es\/wp-content\/uploads\/2022\/04\/borradores-2-25.jpg 1024w, https:\/\/altovoltajeradio.com\/es\/wp-content\/uploads\/2022\/04\/borradores-2-25-300x190.jpg 300w, https:\/\/altovoltajeradio.com\/es\/wp-content\/uploads\/2022\/04\/borradores-2-25-768x487.jpg 768w, https:\/\/altovoltajeradio.com\/es\/wp-content\/uploads\/2022\/04\/borradores-2-25-635x402.jpg 635w\" sizes=\"auto, (max-width: 1024px) 100vw, 1024px\" \/><\/figure>\n","protected":false},"excerpt":{"rendered":"<p>Con la presencia de la Viceministra para las pol\u00edticas de [&hellip;]<\/p>\n","protected":false},"author":2,"featured_media":258,"comment_status":"open","ping_status":"open","sticky":true,"template":"","format":"standard","meta":{"footnotes":""},"categories":[6],"tags":[],"class_list":["post-257","post","type-post","status-publish","format-standard","has-post-thumbnail","hentry","category-sucesos"],"_links":{"self":[{"href":"https:\/\/altovoltajeradio.com\/es\/wp-json\/wp\/v2\/posts\/257","targetHints":{"allow":["GET"]}}],"collection":[{"href":"https:\/\/altovoltajeradio.com\/es\/wp-json\/wp\/v2\/posts"}],"about":[{"href":"https:\/\/altovoltajeradio.com\/es\/wp-json\/wp\/v2\/types\/post"}],"author":[{"embeddable":true,"href":"https:\/\/altovoltajeradio.com\/es\/wp-json\/wp\/v2\/users\/2"}],"replies":[{"embeddable":true,"href":"https:\/\/altovoltajeradio.com\/es\/wp-json\/wp\/v2\/comments?post=257"}],"version-history":[{"count":1,"href":"https:\/\/altovoltajeradio.com\/es\/wp-json\/wp\/v2\/posts\/257\/revisions"}],"predecessor-version":[{"id":259,"href":"https:\/\/altovoltajeradio.com\/es\/wp-json\/wp\/v2\/posts\/257\/revisions\/259"}],"wp:featuredmedia":[{"embeddable":true,"href":"https:\/\/altovoltajeradio.com\/es\/wp-json\/wp\/v2\/media\/258"}],"wp:attachment":[{"href":"https:\/\/altovoltajeradio.com\/es\/wp-json\/wp\/v2\/media?parent=257"}],"wp:term":[{"taxonomy":"category","embeddable":true,"href":"https:\/\/altovoltajeradio.com\/es\/wp-json\/wp\/v2\/categories?post=257"},{"taxonomy":"post_tag","embeddable":true,"href":"https:\/\/altovoltajeradio.com\/es\/wp-json\/wp\/v2\/tags?post=257"}],"curies":[{"name":"wp","href":"https:\/\/api.w.org\/{rel}","templated":true}]}}