{"id":301,"date":"2022-05-11T20:37:30","date_gmt":"2022-05-11T20:37:30","guid":{"rendered":"https:\/\/altovoltajeradio.com\/es\/?p=301"},"modified":"2022-05-11T20:37:30","modified_gmt":"2022-05-11T20:37:30","slug":"fenomeno-de-la-nina-seguira-golpeando-el-eje-cafetero","status":"publish","type":"post","link":"https:\/\/altovoltajeradio.com\/es\/fenomeno-de-la-nina-seguira-golpeando-el-eje-cafetero\/","title":{"rendered":"Fen\u00f3meno de la ni\u00f1a seguir\u00e1 golpeando el Eje Cafetero"},"content":{"rendered":"\n<p>Fen\u00f3meno La Ni\u00f1a seguir\u00e1 golpeando a los Departamentos del Eje Cafetero por lo menos hasta agosto. De acuerdo al \u00faltimo Bolet\u00edn Agroclim\u00e1tico del Ideam, el fen\u00f3meno La Ni\u00f1a continuar\u00e1 \u2018golpeando\u2019 a estos Departamentos por lo menos cuatro meses m\u00e1s. Lo anterior, se suma a que  esta zona del pa\u00eds est\u00e1 atravesando la primera temporada de lluvias del a\u00f1o, lo que explica el aumento de las precipitaciones entre 20% y 50%. Seg\u00fan los an\u00e1lisis del Ideam y los centros internacionales de predicci\u00f3n clim\u00e1tica, se espera que en mayo la condici\u00f3n de La Ni\u00f1a sea moderada, y se debilite para el trimestre junio, julio y agosto, para despu\u00e9s pasar a una fase neutral, lo que indicar\u00eda el final de este fen\u00f3meno, que inici\u00f3 en agosto de 2021. <\/p>\n\n\n\n<p>RECOMENDACIONES: La comunidad puede apoyar en muchas acciones que previenen algunas emergencias, como no arrojar basuras a los registros, no ir a los r\u00edos a hacer paseos de olla, hacer una revisi\u00f3n de los techos, especialmente cuando tienen tejas de zinc y puedan asegurar sus amarras, ya que el evento m\u00e1s frecuente que se presenta en el departamento son los vendavales.<\/p>\n\n\n\n<figure class=\"wp-block-image size-large\"><img loading=\"lazy\" decoding=\"async\" width=\"576\" height=\"1024\" src=\"https:\/\/altovoltajeradio.com\/es\/wp-content\/uploads\/2022\/05\/borradores-3-576x1024.jpg\" alt=\"\" class=\"wp-image-303\" srcset=\"https:\/\/altovoltajeradio.com\/es\/wp-content\/uploads\/2022\/05\/borradores-3-576x1024.jpg 576w, https:\/\/altovoltajeradio.com\/es\/wp-content\/uploads\/2022\/05\/borradores-3-169x300.jpg 169w, https:\/\/altovoltajeradio.com\/es\/wp-content\/uploads\/2022\/05\/borradores-3-768x1366.jpg 768w, https:\/\/altovoltajeradio.com\/es\/wp-content\/uploads\/2022\/05\/borradores-3-864x1536.jpg 864w, https:\/\/altovoltajeradio.com\/es\/wp-content\/uploads\/2022\/05\/borradores-3-298x530.jpg 298w, https:\/\/altovoltajeradio.com\/es\/wp-content\/uploads\/2022\/05\/borradores-3.jpg 899w\" sizes=\"auto, (max-width: 576px) 100vw, 576px\" \/><\/figure>\n","protected":false},"excerpt":{"rendered":"<p>Fen\u00f3meno La Ni\u00f1a seguir\u00e1 golpeando a los Departamentos del Eje [&hellip;]<\/p>\n","protected":false},"author":2,"featured_media":303,"comment_status":"open","ping_status":"open","sticky":true,"template":"","format":"standard","meta":{"footnotes":""},"categories":[12],"tags":[],"class_list":["post-301","post","type-post","status-publish","format-standard","has-post-thumbnail","hentry","category-regional"],"_links":{"self":[{"href":"https:\/\/altovoltajeradio.com\/es\/wp-json\/wp\/v2\/posts\/301","targetHints":{"allow":["GET"]}}],"collection":[{"href":"https:\/\/altovoltajeradio.com\/es\/wp-json\/wp\/v2\/posts"}],"about":[{"href":"https:\/\/altovoltajeradio.com\/es\/wp-json\/wp\/v2\/types\/post"}],"author":[{"embeddable":true,"href":"https:\/\/altovoltajeradio.com\/es\/wp-json\/wp\/v2\/users\/2"}],"replies":[{"embeddable":true,"href":"https:\/\/altovoltajeradio.com\/es\/wp-json\/wp\/v2\/comments?post=301"}],"version-history":[{"count":1,"href":"https:\/\/altovoltajeradio.com\/es\/wp-json\/wp\/v2\/posts\/301\/revisions"}],"predecessor-version":[{"id":304,"href":"https:\/\/altovoltajeradio.com\/es\/wp-json\/wp\/v2\/posts\/301\/revisions\/304"}],"wp:featuredmedia":[{"embeddable":true,"href":"https:\/\/altovoltajeradio.com\/es\/wp-json\/wp\/v2\/media\/303"}],"wp:attachment":[{"href":"https:\/\/altovoltajeradio.com\/es\/wp-json\/wp\/v2\/media?parent=301"}],"wp:term":[{"taxonomy":"category","embeddable":true,"href":"https:\/\/altovoltajeradio.com\/es\/wp-json\/wp\/v2\/categories?post=301"},{"taxonomy":"post_tag","embeddable":true,"href":"https:\/\/altovoltajeradio.com\/es\/wp-json\/wp\/v2\/tags?post=301"}],"curies":[{"name":"wp","href":"https:\/\/api.w.org\/{rel}","templated":true}]}}