{"id":305,"date":"2022-05-12T00:13:57","date_gmt":"2022-05-12T00:13:57","guid":{"rendered":"https:\/\/altovoltajeradio.com\/es\/?p=305"},"modified":"2022-05-12T00:13:57","modified_gmt":"2022-05-12T00:13:57","slug":"autoridades-departamentales-investigan-amenazas-en-contra-de-lideres-indigenas","status":"publish","type":"post","link":"https:\/\/altovoltajeradio.com\/es\/autoridades-departamentales-investigan-amenazas-en-contra-de-lideres-indigenas\/","title":{"rendered":"Autoridades Departamentales investigan amenazas en contra de lideres ind\u00edgenas"},"content":{"rendered":"\n<p>Autoridades en el Departamento de Caldas investigan presuntas amenazas en contra de l\u00edderes ind\u00edgenas. El Consejo Regional Ind\u00edgena de Caldas public\u00f3 un comunicado firmado por una organizaci\u00f3n que se autodenomina como C\u00e9lula Urbana del Alto Occidente Caldense adscrita a La \u00c1guilas Negras en la que se amenaza de muerte a varios l\u00edderes ind\u00edgenas del municipio de Riosucio a quienes catalogan como \u201cguerrilleros de Ca\u00f1amomo\u201d entre ellos al Representante a la C\u00e1mara electo bajo la circunscripci\u00f3n ind\u00edgena, Norman David Ba\u00f1ol. Al respecto del documento amenazante, el secretario de Gobierno de Caldas, John Jairo Casta\u00f1o Fl\u00f3rez asegur\u00f3 que de la mano de las autoridades se adelantar\u00e1 una rigurosa investigaci\u00f3n para establecer de donde proceden las amenazas: \u201cSe ha destacado una capsula de investigaci\u00f3n dispuesta de la inteligencia de SIJIN y CIPOL para hacer una verificaci\u00f3n en el territorio, especialmente en los municipios que hace alusi\u00f3n este comunicado\u00bb. Sin embargo, Casta\u00f1o Fl\u00f3rez asegur\u00f3 que pese a la denuncia p\u00fablica que hizo el CRIDEC, a\u00fan no se conocen v\u00edas de hecho por parte de los supuestos autores de la misiva por lo que el parte, hasta el momento, es de completa calma.\u201c Desde La Secretar\u00eda de Gobierno, con La Polic\u00eda y tambi\u00e9n con el Ej\u00e9rcito estaremos muy atentos ante cualquier situaci\u00f3n que ocurra; sin embargo, queremos manifestar que no hay ning\u00fan hecho, y ninguna situaci\u00f3n que se haya presentado. El parte es de tranquilidad frente a este comunicado\u201d, puntualiz\u00f3 el funcionario. Hace unas semanas el presidente del sindicato de Educadores de Caldas, Juan Carlos Mart\u00ednez, tambi\u00e9n denunci\u00f3 amenazas contra su vida por esta presunta organizaci\u00f3n delincuencial.<\/p>\n\n\n\n<figure class=\"wp-block-image size-full\"><img loading=\"lazy\" decoding=\"async\" width=\"480\" height=\"586\" src=\"https:\/\/altovoltajeradio.com\/es\/wp-content\/uploads\/2022\/05\/borradores-7-2.jpg\" alt=\"\" class=\"wp-image-306\" srcset=\"https:\/\/altovoltajeradio.com\/es\/wp-content\/uploads\/2022\/05\/borradores-7-2.jpg 480w, https:\/\/altovoltajeradio.com\/es\/wp-content\/uploads\/2022\/05\/borradores-7-2-246x300.jpg 246w, https:\/\/altovoltajeradio.com\/es\/wp-content\/uploads\/2022\/05\/borradores-7-2-434x530.jpg 434w\" sizes=\"auto, (max-width: 480px) 100vw, 480px\" \/><\/figure>\n","protected":false},"excerpt":{"rendered":"<p>Autoridades en el Departamento de Caldas investigan presuntas amenazas en [&hellip;]<\/p>\n","protected":false},"author":2,"featured_media":307,"comment_status":"open","ping_status":"open","sticky":true,"template":"","format":"standard","meta":{"footnotes":""},"categories":[7],"tags":[],"class_list":["post-305","post","type-post","status-publish","format-standard","has-post-thumbnail","hentry","category-judicial"],"_links":{"self":[{"href":"https:\/\/altovoltajeradio.com\/es\/wp-json\/wp\/v2\/posts\/305","targetHints":{"allow":["GET"]}}],"collection":[{"href":"https:\/\/altovoltajeradio.com\/es\/wp-json\/wp\/v2\/posts"}],"about":[{"href":"https:\/\/altovoltajeradio.com\/es\/wp-json\/wp\/v2\/types\/post"}],"author":[{"embeddable":true,"href":"https:\/\/altovoltajeradio.com\/es\/wp-json\/wp\/v2\/users\/2"}],"replies":[{"embeddable":true,"href":"https:\/\/altovoltajeradio.com\/es\/wp-json\/wp\/v2\/comments?post=305"}],"version-history":[{"count":1,"href":"https:\/\/altovoltajeradio.com\/es\/wp-json\/wp\/v2\/posts\/305\/revisions"}],"predecessor-version":[{"id":308,"href":"https:\/\/altovoltajeradio.com\/es\/wp-json\/wp\/v2\/posts\/305\/revisions\/308"}],"wp:featuredmedia":[{"embeddable":true,"href":"https:\/\/altovoltajeradio.com\/es\/wp-json\/wp\/v2\/media\/307"}],"wp:attachment":[{"href":"https:\/\/altovoltajeradio.com\/es\/wp-json\/wp\/v2\/media?parent=305"}],"wp:term":[{"taxonomy":"category","embeddable":true,"href":"https:\/\/altovoltajeradio.com\/es\/wp-json\/wp\/v2\/categories?post=305"},{"taxonomy":"post_tag","embeddable":true,"href":"https:\/\/altovoltajeradio.com\/es\/wp-json\/wp\/v2\/tags?post=305"}],"curies":[{"name":"wp","href":"https:\/\/api.w.org\/{rel}","templated":true}]}}