{"id":318,"date":"2022-05-14T02:32:14","date_gmt":"2022-05-14T02:32:14","guid":{"rendered":"https:\/\/altovoltajeradio.com\/es\/?p=318"},"modified":"2022-05-14T02:32:14","modified_gmt":"2022-05-14T02:32:14","slug":"el-fervor-de-los-feligreses-fue-la-nota-predominante-en-la-celebracion-de-la-virgen-de-fatima-en-san-clemente","status":"publish","type":"post","link":"https:\/\/altovoltajeradio.com\/es\/el-fervor-de-los-feligreses-fue-la-nota-predominante-en-la-celebracion-de-la-virgen-de-fatima-en-san-clemente\/","title":{"rendered":"El fervor de los feligreses fue la nota predominante en la celebraci\u00f3n de la Virgen de F\u00e1tima en San Clemente."},"content":{"rendered":"\n<p>Fieles cat\u00f3licos de Riosucio asistieron a la peregrinaci\u00f3n hoy viernes al santuario de Nuestra Se\u00f1ora de F\u00e1tima, la devoci\u00f3n una vez m\u00e1s se puso a prueba y en chivas y carros particulares salieron hacia el corregimiento de San Clemente. En el punto de encuentro a la altura del Alto del Tigre, entrada al Municipio de Gu\u00e1tica Risaralda, cientos de personas continuaron el peregrinaje, todos provenientes de diferentes municipios de la Regi\u00f3n. Los fieles de Anserma por ejemplo salieron caminando por la carretera Troncal de Occidente y as\u00ed comitivas de los otros pueblos. A las 12 del d\u00eda fue la misa campal oficiada por el Obispo de Pereira , Monse\u00f1or Rigoberto Corredor y las alabanzas del Padre Pacho con el Grupo Semillas lo anterior cumplido el recorrido en el que se rez\u00f3 el Santo Rosario  como devoci\u00f3n a nuestra se\u00f1ora de F\u00e1tima. Es de recordar que luego de dos a\u00f1os de pandemia en que fuera suspendida esta celebraci\u00f3n para evitar su propagaci\u00f3n se ha reactivado y en est\u00e1 ocasi\u00f3n con un marco festivo y el fervor de la feligres\u00eda en honor a la Virgen de F\u00e1tima. Por Riosucio las caravanas fueron presididas por los p\u00e1rrocos de San Sebasti\u00e1n, Ra\u00fal Castro Lema, La Candelaria, Carlos Antonio Cadavid y Las Mercedes, Ram\u00f3n Escobar.<\/p>\n\n\n\n<p>PARA TENER EN CUENTA: Cada 13 de mayo se celebra en todo el mundo la Fiesta de la Virgen de F\u00e1tima. En este d\u00eda recordamos el d\u00eda de su primera aparici\u00f3n en Cova de Ir\u00eda, F\u00e1tima, Portugal, en 1917.<\/p>\n\n\n\n<figure class=\"wp-block-image size-large\"><img loading=\"lazy\" decoding=\"async\" width=\"1024\" height=\"766\" src=\"https:\/\/altovoltajeradio.com\/es\/wp-content\/uploads\/2022\/05\/borradores-2-3-1024x766.jpg\" alt=\"\" class=\"wp-image-319\" srcset=\"https:\/\/altovoltajeradio.com\/es\/wp-content\/uploads\/2022\/05\/borradores-2-3-1024x766.jpg 1024w, https:\/\/altovoltajeradio.com\/es\/wp-content\/uploads\/2022\/05\/borradores-2-3-300x225.jpg 300w, https:\/\/altovoltajeradio.com\/es\/wp-content\/uploads\/2022\/05\/borradores-2-3-768x575.jpg 768w, https:\/\/altovoltajeradio.com\/es\/wp-content\/uploads\/2022\/05\/borradores-2-3-635x475.jpg 635w, https:\/\/altovoltajeradio.com\/es\/wp-content\/uploads\/2022\/05\/borradores-2-3.jpg 1280w\" sizes=\"auto, (max-width: 1024px) 100vw, 1024px\" \/><\/figure>\n","protected":false},"excerpt":{"rendered":"<p>Fieles cat\u00f3licos de Riosucio asistieron a la peregrinaci\u00f3n hoy viernes [&hellip;]<\/p>\n","protected":false},"author":2,"featured_media":319,"comment_status":"open","ping_status":"open","sticky":true,"template":"","format":"standard","meta":{"footnotes":""},"categories":[16],"tags":[],"class_list":["post-318","post","type-post","status-publish","format-standard","has-post-thumbnail","hentry","category-catolicas"],"_links":{"self":[{"href":"https:\/\/altovoltajeradio.com\/es\/wp-json\/wp\/v2\/posts\/318","targetHints":{"allow":["GET"]}}],"collection":[{"href":"https:\/\/altovoltajeradio.com\/es\/wp-json\/wp\/v2\/posts"}],"about":[{"href":"https:\/\/altovoltajeradio.com\/es\/wp-json\/wp\/v2\/types\/post"}],"author":[{"embeddable":true,"href":"https:\/\/altovoltajeradio.com\/es\/wp-json\/wp\/v2\/users\/2"}],"replies":[{"embeddable":true,"href":"https:\/\/altovoltajeradio.com\/es\/wp-json\/wp\/v2\/comments?post=318"}],"version-history":[{"count":1,"href":"https:\/\/altovoltajeradio.com\/es\/wp-json\/wp\/v2\/posts\/318\/revisions"}],"predecessor-version":[{"id":320,"href":"https:\/\/altovoltajeradio.com\/es\/wp-json\/wp\/v2\/posts\/318\/revisions\/320"}],"wp:featuredmedia":[{"embeddable":true,"href":"https:\/\/altovoltajeradio.com\/es\/wp-json\/wp\/v2\/media\/319"}],"wp:attachment":[{"href":"https:\/\/altovoltajeradio.com\/es\/wp-json\/wp\/v2\/media?parent=318"}],"wp:term":[{"taxonomy":"category","embeddable":true,"href":"https:\/\/altovoltajeradio.com\/es\/wp-json\/wp\/v2\/categories?post=318"},{"taxonomy":"post_tag","embeddable":true,"href":"https:\/\/altovoltajeradio.com\/es\/wp-json\/wp\/v2\/tags?post=318"}],"curies":[{"name":"wp","href":"https:\/\/api.w.org\/{rel}","templated":true}]}}