{"id":333,"date":"2022-05-19T15:08:39","date_gmt":"2022-05-19T15:08:39","guid":{"rendered":"https:\/\/altovoltajeradio.com\/es\/?p=333"},"modified":"2022-05-19T15:08:39","modified_gmt":"2022-05-19T15:08:39","slug":"abren-convocatoria-para-incentivos-a-artistas-en-caldas","status":"publish","type":"post","link":"https:\/\/altovoltajeradio.com\/es\/abren-convocatoria-para-incentivos-a-artistas-en-caldas\/","title":{"rendered":"Abren convocatoria para incentivos a artistas en Caldas"},"content":{"rendered":"\n<p>La Secretar\u00eda de Cultura de Caldas abri\u00f3 la convocatoria del Programa Departamental de Incentivos, la cual busca premiar el talento, obra y creaci\u00f3n de artistas y gestores que fomenten las nuevas expresiones culturales. Este a\u00f1o se&nbsp;entregar\u00e1n 49&nbsp;premios, los cuales suman un total de 350 millones de pesos. &nbsp;<\/p>\n\n\n\n<p>A trav\u00e9s de esta convocatoria, se busca premiar el talento, obra y creaci\u00f3n de artistas y gestores<br>culturales que fomentan las nuevas expresiones caldenses que contribuyen al enriquecimiento de<br>las artes y el desarrollo cultural del departamento de Caldas, como una forma de valorar tanto el<br>talento y la creaci\u00f3n de los artistas, de los gestores y de las organizaciones culturales locales que<br>llevan poco tiempo o experiencia por su reciente aparici\u00f3n en el medio art\u00edstico y cultural, y que<br>adem\u00e1s, desde el desarrollo de sus habilidades y trabajos empiezan a posesionarse en el<br>departamento como los nuevos baluartes, permitiendo potencializar acciones que articulan las<br>Pol\u00edticas Culturales con las diferentes Pol\u00edticas Sociales, permitiendo con ello, afianzar uno de los<br>principios del Plan Departamental de Desarrollo 2020 \u2013 2023 \u201cUnidos es posible\u201d, en relaci\u00f3n con<br>el impacto de los diferentes programas en todos los sectores etarios y poblacionales, lo cual facilita<br>la reducci\u00f3n de las brechas sociales en pro de la garant\u00eda de los derechos culturales, mediante el<br>acceso a bienes y servicios de la cultura en Caldas.<\/p>\n\n\n\n<p>Los interesados en participar de este programa pueden revisar el Manual de la Convocatoria que se encuentra en el portal\u00a0<a rel=\"noreferrer noopener\" href=\"https:\/\/caldas.us16.list-manage.com\/track\/click?u=6ed73070557255604a481fc92&amp;id=74f1b896a9&amp;e=6334943af6\" target=\"_blank\">http:\/\/www.culturadecaldas.gov.co<\/a>\u00a0y en las redes sociales de la Secretar\u00eda de Cultura de Caldas. Este formulario debe ser diligenciado y remitido a las oficinas de la dependencia, antes del lunes 13 de junio a las 3:00 p.m.<\/p>\n\n\n\n<figure class=\"wp-block-image size-large\"><img loading=\"lazy\" decoding=\"async\" width=\"1024\" height=\"1024\" src=\"https:\/\/altovoltajeradio.com\/es\/wp-content\/uploads\/2022\/05\/borradores-2-6-1024x1024.jpg\" alt=\"\" class=\"wp-image-334\" srcset=\"https:\/\/altovoltajeradio.com\/es\/wp-content\/uploads\/2022\/05\/borradores-2-6.jpg 1024w, https:\/\/altovoltajeradio.com\/es\/wp-content\/uploads\/2022\/05\/borradores-2-6-300x300.jpg 300w, https:\/\/altovoltajeradio.com\/es\/wp-content\/uploads\/2022\/05\/borradores-2-6-150x150.jpg 150w, https:\/\/altovoltajeradio.com\/es\/wp-content\/uploads\/2022\/05\/borradores-2-6-768x768.jpg 768w, https:\/\/altovoltajeradio.com\/es\/wp-content\/uploads\/2022\/05\/borradores-2-6-84x84.jpg 84w, https:\/\/altovoltajeradio.com\/es\/wp-content\/uploads\/2022\/05\/borradores-2-6-530x530.jpg 530w, https:\/\/altovoltajeradio.com\/es\/wp-content\/uploads\/2022\/05\/borradores-2-6-469x469.jpg 469w\" sizes=\"auto, (max-width: 1024px) 100vw, 1024px\" \/><\/figure>\n","protected":false},"excerpt":{"rendered":"<p>La Secretar\u00eda de Cultura de Caldas abri\u00f3 la convocatoria del [&hellip;]<\/p>\n","protected":false},"author":2,"featured_media":335,"comment_status":"open","ping_status":"open","sticky":true,"template":"","format":"standard","meta":{"footnotes":""},"categories":[11],"tags":[],"class_list":["post-333","post","type-post","status-publish","format-standard","has-post-thumbnail","hentry","category-cultura"],"_links":{"self":[{"href":"https:\/\/altovoltajeradio.com\/es\/wp-json\/wp\/v2\/posts\/333","targetHints":{"allow":["GET"]}}],"collection":[{"href":"https:\/\/altovoltajeradio.com\/es\/wp-json\/wp\/v2\/posts"}],"about":[{"href":"https:\/\/altovoltajeradio.com\/es\/wp-json\/wp\/v2\/types\/post"}],"author":[{"embeddable":true,"href":"https:\/\/altovoltajeradio.com\/es\/wp-json\/wp\/v2\/users\/2"}],"replies":[{"embeddable":true,"href":"https:\/\/altovoltajeradio.com\/es\/wp-json\/wp\/v2\/comments?post=333"}],"version-history":[{"count":1,"href":"https:\/\/altovoltajeradio.com\/es\/wp-json\/wp\/v2\/posts\/333\/revisions"}],"predecessor-version":[{"id":336,"href":"https:\/\/altovoltajeradio.com\/es\/wp-json\/wp\/v2\/posts\/333\/revisions\/336"}],"wp:featuredmedia":[{"embeddable":true,"href":"https:\/\/altovoltajeradio.com\/es\/wp-json\/wp\/v2\/media\/335"}],"wp:attachment":[{"href":"https:\/\/altovoltajeradio.com\/es\/wp-json\/wp\/v2\/media?parent=333"}],"wp:term":[{"taxonomy":"category","embeddable":true,"href":"https:\/\/altovoltajeradio.com\/es\/wp-json\/wp\/v2\/categories?post=333"},{"taxonomy":"post_tag","embeddable":true,"href":"https:\/\/altovoltajeradio.com\/es\/wp-json\/wp\/v2\/tags?post=333"}],"curies":[{"name":"wp","href":"https:\/\/api.w.org\/{rel}","templated":true}]}}