{"id":349,"date":"2022-05-21T23:00:05","date_gmt":"2022-05-21T23:00:05","guid":{"rendered":"https:\/\/altovoltajeradio.com\/es\/?p=349"},"modified":"2022-05-21T23:00:05","modified_gmt":"2022-05-21T23:00:05","slug":"comision-accidental-del-concejo-municipal-encontro-en-lamentable-estado-de-deterioro-espacios-culturales-del-municipio","status":"publish","type":"post","link":"https:\/\/altovoltajeradio.com\/es\/comision-accidental-del-concejo-municipal-encontro-en-lamentable-estado-de-deterioro-espacios-culturales-del-municipio\/","title":{"rendered":"Comisi\u00f3n accidental del Concejo Municipal encontr\u00f3 en lamentable estado de deterioro espacios culturales del Municipio"},"content":{"rendered":"\n<p>En el marco de las sesiones de control pol\u00edtico que viene realizando el Concejo Municipal uno de los cuestionamientos que surgi\u00f3 fue el del mal estado y abandono en el que se encuentran los espacios culturales de Riosucio, estos est\u00e1n a cargo de la Secretar\u00eda de Cultura, Deporte y Turismo y son ellos: Teatro Cuesta, Biblioteca Municipal, Centro Cultural Colombia y Centro de la M\u00fasica y las Artes. Desde el Concejo municipal y donde se manifest\u00f3 la preocupaci\u00f3n por esta realidad que se vive en este sector cultural y en este caso los bienes inmuebles del municipio.<\/p>\n\n\n\n<p>Es tal la gravedad de la situaci\u00f3n y la preocupaci\u00f3n que despierta entre la comunidad que el pasado viernes 13 de mayo se design\u00f3 una comisi\u00f3n designada por la presidente de la Corporaci\u00f3n pol\u00edtico administrativa , la cual estuvo integrada por los conejales; Jorge Iv\u00e1n Morales, Hernando Valencia, \u00c1lvaro Antonio Guapacha, es de aclarar que el se\u00f1or Hernando Valencia no asisti\u00f3 por motivo de viaje. Tambi\u00e9n los acompa\u00f1aron los concejales; William de Jes\u00fas Largo, Lucy Amparo Cruz Mu\u00f1oz, Yudi Lorena Guti\u00e9rrez Osorio y  Samaria Grisales. <\/p>\n\n\n\n<p>Algunas de las observaciones que quedaron consignadas en el informe fueron las siguientes. En la Biblioteca Municipal desorden y obras tapadas con pl\u00e1sticos, en cajas y otros cuadros ubicados en el piso corriendo riesgo de ser malogrados por las aguas lluvias que se filtran en el lugar ; deterioro de este espacio cultural y de consulta. En el Centro Cultural Colombia p\u00e9simo estado del cielo raso; filtraci\u00f3n de aguas lluvias de manera directa. En el recinto pisos y paredes en estado de deterioro. El Centro de la M\u00fasica y las artes no cuenta con mobiliaria en buen estado para prestar un servicio satisfactorio a sus usuarios, en este caso los ni\u00f1os y j\u00f3venes del Municipio.<\/p>\n\n\n\n<figure class=\"wp-block-image size-full\"><img loading=\"lazy\" decoding=\"async\" width=\"768\" height=\"1024\" src=\"https:\/\/altovoltajeradio.com\/es\/wp-content\/uploads\/2022\/05\/borradores-2-10.jpg\" alt=\"\" class=\"wp-image-350\" srcset=\"https:\/\/altovoltajeradio.com\/es\/wp-content\/uploads\/2022\/05\/borradores-2-10.jpg 768w, https:\/\/altovoltajeradio.com\/es\/wp-content\/uploads\/2022\/05\/borradores-2-10-225x300.jpg 225w, https:\/\/altovoltajeradio.com\/es\/wp-content\/uploads\/2022\/05\/borradores-2-10-398x530.jpg 398w\" sizes=\"auto, (max-width: 768px) 100vw, 768px\" \/><\/figure>\n","protected":false},"excerpt":{"rendered":"<p>En el marco de las sesiones de control pol\u00edtico que [&hellip;]<\/p>\n","protected":false},"author":2,"featured_media":350,"comment_status":"open","ping_status":"open","sticky":true,"template":"","format":"standard","meta":{"footnotes":""},"categories":[11],"tags":[],"class_list":["post-349","post","type-post","status-publish","format-standard","has-post-thumbnail","hentry","category-cultura"],"_links":{"self":[{"href":"https:\/\/altovoltajeradio.com\/es\/wp-json\/wp\/v2\/posts\/349","targetHints":{"allow":["GET"]}}],"collection":[{"href":"https:\/\/altovoltajeradio.com\/es\/wp-json\/wp\/v2\/posts"}],"about":[{"href":"https:\/\/altovoltajeradio.com\/es\/wp-json\/wp\/v2\/types\/post"}],"author":[{"embeddable":true,"href":"https:\/\/altovoltajeradio.com\/es\/wp-json\/wp\/v2\/users\/2"}],"replies":[{"embeddable":true,"href":"https:\/\/altovoltajeradio.com\/es\/wp-json\/wp\/v2\/comments?post=349"}],"version-history":[{"count":1,"href":"https:\/\/altovoltajeradio.com\/es\/wp-json\/wp\/v2\/posts\/349\/revisions"}],"predecessor-version":[{"id":351,"href":"https:\/\/altovoltajeradio.com\/es\/wp-json\/wp\/v2\/posts\/349\/revisions\/351"}],"wp:featuredmedia":[{"embeddable":true,"href":"https:\/\/altovoltajeradio.com\/es\/wp-json\/wp\/v2\/media\/350"}],"wp:attachment":[{"href":"https:\/\/altovoltajeradio.com\/es\/wp-json\/wp\/v2\/media?parent=349"}],"wp:term":[{"taxonomy":"category","embeddable":true,"href":"https:\/\/altovoltajeradio.com\/es\/wp-json\/wp\/v2\/categories?post=349"},{"taxonomy":"post_tag","embeddable":true,"href":"https:\/\/altovoltajeradio.com\/es\/wp-json\/wp\/v2\/tags?post=349"}],"curies":[{"name":"wp","href":"https:\/\/api.w.org\/{rel}","templated":true}]}}