{"id":356,"date":"2022-05-26T17:52:23","date_gmt":"2022-05-26T17:52:23","guid":{"rendered":"https:\/\/altovoltajeradio.com\/es\/?p=356"},"modified":"2022-05-26T17:55:45","modified_gmt":"2022-05-26T17:55:45","slug":"muerte-de-valentina-enluta-al-inelfu","status":"publish","type":"post","link":"https:\/\/altovoltajeradio.com\/es\/muerte-de-valentina-enluta-al-inelfu\/","title":{"rendered":"Muerte de Valentina enluta al INELFU"},"content":{"rendered":"\n<p><strong>Valentina Ba\u00f1ol Hern\u00e1ndez estudiante de 9 en INELFU falleci\u00f3 en las \u00faltimas horas luego de ser sometida a una operaci\u00f3n de columna. Su muerte produjo una profunda tristeza entre sus compa\u00f1eros y los docentes.<\/strong><\/p>\n\n\n\n<p><strong>En dialogo con ALTO VOLTAJE RADIO Victoria Hern\u00e1ndez Mar\u00edn rectora de la Instituci\u00f3n Educativa manifest\u00f3 el duelo en el colegio por la p\u00e9rdida de Valentina y destac\u00f3 su compromiso con las tareas de Colegio pese a su enfermedad. \u00abLa ni\u00f1a curs\u00f3 desde preescolar hasta el grado 9 que cursaba, era una ni\u00f1a muy juiciosa y demostr\u00f3 siempre su amor por la Instituci\u00f3n\u00bb, agreg\u00f3 la Rectora. Sus exequias ser\u00e1n ma\u00f1ana viernes en el Templo de San Sebasti\u00e1n a las 4 de la tarde . Velaci\u00f3n en el Colegio.<\/strong><\/p>\n\n\n\n<figure class=\"wp-block-image size-full\"><img loading=\"lazy\" decoding=\"async\" width=\"327\" height=\"483\" src=\"https:\/\/altovoltajeradio.com\/es\/wp-content\/uploads\/2022\/05\/borradores-2-12.jpg\" alt=\"\" class=\"wp-image-357\" srcset=\"https:\/\/altovoltajeradio.com\/es\/wp-content\/uploads\/2022\/05\/borradores-2-12.jpg 327w, https:\/\/altovoltajeradio.com\/es\/wp-content\/uploads\/2022\/05\/borradores-2-12-203x300.jpg 203w\" sizes=\"auto, (max-width: 327px) 100vw, 327px\" \/><\/figure>\n","protected":false},"excerpt":{"rendered":"<p>Valentina Ba\u00f1ol Hern\u00e1ndez estudiante de 9 en INELFU falleci\u00f3 en [&hellip;]<\/p>\n","protected":false},"author":2,"featured_media":357,"comment_status":"open","ping_status":"open","sticky":false,"template":"","format":"standard","meta":{"footnotes":""},"categories":[10],"tags":[],"class_list":["post-356","post","type-post","status-publish","format-standard","has-post-thumbnail","hentry","category-obituario"],"_links":{"self":[{"href":"https:\/\/altovoltajeradio.com\/es\/wp-json\/wp\/v2\/posts\/356","targetHints":{"allow":["GET"]}}],"collection":[{"href":"https:\/\/altovoltajeradio.com\/es\/wp-json\/wp\/v2\/posts"}],"about":[{"href":"https:\/\/altovoltajeradio.com\/es\/wp-json\/wp\/v2\/types\/post"}],"author":[{"embeddable":true,"href":"https:\/\/altovoltajeradio.com\/es\/wp-json\/wp\/v2\/users\/2"}],"replies":[{"embeddable":true,"href":"https:\/\/altovoltajeradio.com\/es\/wp-json\/wp\/v2\/comments?post=356"}],"version-history":[{"count":2,"href":"https:\/\/altovoltajeradio.com\/es\/wp-json\/wp\/v2\/posts\/356\/revisions"}],"predecessor-version":[{"id":359,"href":"https:\/\/altovoltajeradio.com\/es\/wp-json\/wp\/v2\/posts\/356\/revisions\/359"}],"wp:featuredmedia":[{"embeddable":true,"href":"https:\/\/altovoltajeradio.com\/es\/wp-json\/wp\/v2\/media\/357"}],"wp:attachment":[{"href":"https:\/\/altovoltajeradio.com\/es\/wp-json\/wp\/v2\/media?parent=356"}],"wp:term":[{"taxonomy":"category","embeddable":true,"href":"https:\/\/altovoltajeradio.com\/es\/wp-json\/wp\/v2\/categories?post=356"},{"taxonomy":"post_tag","embeddable":true,"href":"https:\/\/altovoltajeradio.com\/es\/wp-json\/wp\/v2\/tags?post=356"}],"curies":[{"name":"wp","href":"https:\/\/api.w.org\/{rel}","templated":true}]}}