{"id":361,"date":"2022-06-02T02:25:34","date_gmt":"2022-06-02T02:25:34","guid":{"rendered":"https:\/\/altovoltajeradio.com\/es\/?p=361"},"modified":"2022-06-02T02:26:15","modified_gmt":"2022-06-02T02:26:15","slug":"luto-en-la-sociedad-riosucena-tras-la-muerte-de-la-distinguida-dama-dona-francia-marin-correa","status":"publish","type":"post","link":"https:\/\/altovoltajeradio.com\/es\/luto-en-la-sociedad-riosucena-tras-la-muerte-de-la-distinguida-dama-dona-francia-marin-correa\/","title":{"rendered":"Luto en la sociedad riosuce\u00f1a tras la muerte de la distinguida dama Do\u00f1a Francia Mar\u00edn Correa"},"content":{"rendered":"\n<p><strong>Muri\u00f3 hace pocas horas la distinguida dama riosuce\u00f1a, Do\u00f1a Francia Mar\u00edn Correa integrante de una notable familia de este municipio consagrada a la educaci\u00f3n, la \u00e9tica, la educaci\u00f3n, la moral, al bien com\u00fan, la convivencia social , la fe cristiana y su amor por el carnaval. A la se\u00f1ora fallecida le sobreviven sus hijos, Carolina y Rafael y sus hermano<\/strong> <strong>Gonzalo quien fuera parlamentario, diplom\u00e1tico y jefe del partido Liberal de Caldas durante las d\u00e9cadas del 80 y 90 ; Alberto Mar\u00edn, ex contralor de Caldas, y Roque ex Militar; Gabriela, ex-docente y ex alcaldesa del Carnaval de Riosucio.<\/strong> Era hija de Don Ricardo Mar\u00edn y Do\u00f1a Gabriela Correa, ambos fallecidos.<\/p>\n\n\n\n<p><strong>Do\u00f1a Francia estaba internada en cuidados intensivos desde hace un par de semanas en el Hospital San Juan de Dios de este Municipio. La familia Mar\u00edn Correa desde el momento que se conoci\u00f3 la lamentable noticia del fallecimiento de Do\u00f1a Francia comenzaron a recibir mensajes de condolencias de riosuce\u00f1os <\/strong>de diferentes partes del Mundo.<\/p>\n\n\n\n<p>Su cuerpo es velado en Funerales Los Olivos y las exequias ser\u00e1n ma\u00f1ana en cuerpo presente a las 11:00 de la ma\u00f1ana en el Templo de la Candelaria. Alto Voltaje Radio Internacional extiende su mensaje de solidaridad a toda su familia en estos momentos tan dif\u00edciles por la p\u00e9rdida de su ser querido.<\/p>\n\n\n\n<figure class=\"wp-block-image size-full\"><img loading=\"lazy\" decoding=\"async\" width=\"276\" height=\"436\" src=\"https:\/\/altovoltajeradio.com\/es\/wp-content\/uploads\/2022\/06\/borradores-4.jpg\" alt=\"\" class=\"wp-image-362\" srcset=\"https:\/\/altovoltajeradio.com\/es\/wp-content\/uploads\/2022\/06\/borradores-4.jpg 276w, https:\/\/altovoltajeradio.com\/es\/wp-content\/uploads\/2022\/06\/borradores-4-190x300.jpg 190w\" sizes=\"auto, (max-width: 276px) 100vw, 276px\" \/><\/figure>\n\n\n","protected":false},"excerpt":{"rendered":"<p>Muri\u00f3 hace pocas horas la distinguida dama riosuce\u00f1a, Do\u00f1a Francia [&hellip;]<\/p>\n","protected":false},"author":2,"featured_media":362,"comment_status":"open","ping_status":"open","sticky":false,"template":"","format":"standard","meta":{"footnotes":""},"categories":[10],"tags":[],"class_list":["post-361","post","type-post","status-publish","format-standard","has-post-thumbnail","hentry","category-obituario"],"_links":{"self":[{"href":"https:\/\/altovoltajeradio.com\/es\/wp-json\/wp\/v2\/posts\/361","targetHints":{"allow":["GET"]}}],"collection":[{"href":"https:\/\/altovoltajeradio.com\/es\/wp-json\/wp\/v2\/posts"}],"about":[{"href":"https:\/\/altovoltajeradio.com\/es\/wp-json\/wp\/v2\/types\/post"}],"author":[{"embeddable":true,"href":"https:\/\/altovoltajeradio.com\/es\/wp-json\/wp\/v2\/users\/2"}],"replies":[{"embeddable":true,"href":"https:\/\/altovoltajeradio.com\/es\/wp-json\/wp\/v2\/comments?post=361"}],"version-history":[{"count":1,"href":"https:\/\/altovoltajeradio.com\/es\/wp-json\/wp\/v2\/posts\/361\/revisions"}],"predecessor-version":[{"id":363,"href":"https:\/\/altovoltajeradio.com\/es\/wp-json\/wp\/v2\/posts\/361\/revisions\/363"}],"wp:featuredmedia":[{"embeddable":true,"href":"https:\/\/altovoltajeradio.com\/es\/wp-json\/wp\/v2\/media\/362"}],"wp:attachment":[{"href":"https:\/\/altovoltajeradio.com\/es\/wp-json\/wp\/v2\/media?parent=361"}],"wp:term":[{"taxonomy":"category","embeddable":true,"href":"https:\/\/altovoltajeradio.com\/es\/wp-json\/wp\/v2\/categories?post=361"},{"taxonomy":"post_tag","embeddable":true,"href":"https:\/\/altovoltajeradio.com\/es\/wp-json\/wp\/v2\/tags?post=361"}],"curies":[{"name":"wp","href":"https:\/\/api.w.org\/{rel}","templated":true}]}}