{"id":409,"date":"2022-06-22T12:01:14","date_gmt":"2022-06-22T12:01:14","guid":{"rendered":"https:\/\/altovoltajeradio.com\/es\/?p=409"},"modified":"2022-06-22T12:01:14","modified_gmt":"2022-06-22T12:01:14","slug":"la-policia-en-caldas-acompana-las-vacaciones-escolares","status":"publish","type":"post","link":"https:\/\/altovoltajeradio.com\/es\/la-policia-en-caldas-acompana-las-vacaciones-escolares\/","title":{"rendered":"La Polic\u00eda en Caldas acompa\u00f1a las vacaciones escolares"},"content":{"rendered":"\n<p>Llegaron las vacaciones vacaciones escolares y muchos padres de familia se preparan para viajar, algunos para inscribir a sus hijos en los campos de verano, entre otras actividades para el disfrute de los ni\u00f1os en esta temporada, por su parte el Departamento de Polic\u00eda Caldas, dispuso de toda su oferta institucional con el fin de desplegar campa\u00f1as de prevenci\u00f3n en los 25 municipios de su jurisdicci\u00f3n, en sitios tur\u00edsticos, lugares de pr\u00e1ctica de deportes extremos, balnearios y dem\u00e1s \u00e1reas donde las personas acuden masivamente a compartir con sus familias, haciendo \u00e9nfasis en los principales ejes viales con el prop\u00f3sito de preservar la tranquilidad y convivencia ciudadana en la temporada vacacional.<\/p>\n\n\n\n<figure class=\"wp-block-image size-full\"><img loading=\"lazy\" decoding=\"async\" width=\"1024\" height=\"578\" src=\"https:\/\/altovoltajeradio.com\/es\/wp-content\/uploads\/2022\/06\/borradores-1-1.jpg\" alt=\"\" class=\"wp-image-410\" srcset=\"https:\/\/altovoltajeradio.com\/es\/wp-content\/uploads\/2022\/06\/borradores-1-1.jpg 1024w, https:\/\/altovoltajeradio.com\/es\/wp-content\/uploads\/2022\/06\/borradores-1-1-300x169.jpg 300w, https:\/\/altovoltajeradio.com\/es\/wp-content\/uploads\/2022\/06\/borradores-1-1-768x434.jpg 768w, https:\/\/altovoltajeradio.com\/es\/wp-content\/uploads\/2022\/06\/borradores-1-1-635x358.jpg 635w\" sizes=\"auto, (max-width: 1024px) 100vw, 1024px\" \/><\/figure>\n\n\n\n<p>\u00abEn esta temporada de vacaciones invitamos a todos los conductores a respetar las normas de tr\u00e1nsito y evitar conducir bajo el efecto del alcohol, contribuyendo as\u00ed a prevenir la accidentalidad vial, es as\u00ed que mediante puestos de control ubicados en puntos estrat\u00e9gicos nuestra Seccional de Tr\u00e1nsito y Transporte, desarrollara planes de control y campa\u00f1as de sensibilizaci\u00f3n, estimulando a los conductores para que realicen pausas activas cada 2 horas\u00bb, se\u00f1al\u00f3 la Polic\u00eda de Caldas.<\/p>\n\n\n\n<p>En materia de prevenci\u00f3n el grupo de educaci\u00f3n y prevenci\u00f3n ciudadana estar\u00e1 presente en los diferentes municipios del departamento adelantando jornadas de actividades l\u00fadicas denominadas \u201cvacaciones recreativas\u201d con la cual esperan que los ni\u00f1os, ni\u00f1as y adolescentes puedan ocupar de una manera sana y divertida el tiempo libre durante esta temporada vacacional.<\/p>\n\n\n\n<p>Por otra parte, la Seccional de Protecci\u00f3n y Servicios Especiales, a trav\u00e9s de sus diferentes grupos, hace presencia en los sitios tur\u00edsticos con m\u00e1s afluencia de p\u00fablico, all\u00ed los uniformados sensibilizan a los turistas y residentes sobre las medidas de seguridad pertinentes para evitar ser v\u00edctimas de cualquier delito, as\u00ed como, la importancia de proteger los recursos naturales de nuestro departamento, adem\u00e1s, se recomienda a los padres de familia estar atentos de sus hijos y no los descuiden en ning\u00fan momento.<\/p>\n\n\n\n<p>Finalmente en aras de que propios y visitantes gocen de unas vacaciones seguras el Departamento de Polic\u00eda Caldas, hace extensiva la invitaci\u00f3n a la comunidad para que denuncie cualquier hecho delictivo o comportamiento contrario a la convivencia a trav\u00e9s de nuestra l\u00ednea de atenci\u00f3n y emergencias 123 o en la estaci\u00f3n de polic\u00eda m\u00e1s cercana.<\/p>\n","protected":false},"excerpt":{"rendered":"<p>Llegaron las vacaciones vacaciones escolares y muchos padres de familia [&hellip;]<\/p>\n","protected":false},"author":2,"featured_media":0,"comment_status":"open","ping_status":"open","sticky":true,"template":"","format":"standard","meta":{"footnotes":""},"categories":[14],"tags":[],"class_list":["post-409","post","type-post","status-publish","format-standard","hentry","category-educacion"],"_links":{"self":[{"href":"https:\/\/altovoltajeradio.com\/es\/wp-json\/wp\/v2\/posts\/409","targetHints":{"allow":["GET"]}}],"collection":[{"href":"https:\/\/altovoltajeradio.com\/es\/wp-json\/wp\/v2\/posts"}],"about":[{"href":"https:\/\/altovoltajeradio.com\/es\/wp-json\/wp\/v2\/types\/post"}],"author":[{"embeddable":true,"href":"https:\/\/altovoltajeradio.com\/es\/wp-json\/wp\/v2\/users\/2"}],"replies":[{"embeddable":true,"href":"https:\/\/altovoltajeradio.com\/es\/wp-json\/wp\/v2\/comments?post=409"}],"version-history":[{"count":2,"href":"https:\/\/altovoltajeradio.com\/es\/wp-json\/wp\/v2\/posts\/409\/revisions"}],"predecessor-version":[{"id":412,"href":"https:\/\/altovoltajeradio.com\/es\/wp-json\/wp\/v2\/posts\/409\/revisions\/412"}],"wp:attachment":[{"href":"https:\/\/altovoltajeradio.com\/es\/wp-json\/wp\/v2\/media?parent=409"}],"wp:term":[{"taxonomy":"category","embeddable":true,"href":"https:\/\/altovoltajeradio.com\/es\/wp-json\/wp\/v2\/categories?post=409"},{"taxonomy":"post_tag","embeddable":true,"href":"https:\/\/altovoltajeradio.com\/es\/wp-json\/wp\/v2\/tags?post=409"}],"curies":[{"name":"wp","href":"https:\/\/api.w.org\/{rel}","templated":true}]}}