{"id":417,"date":"2022-06-24T02:36:20","date_gmt":"2022-06-24T02:36:20","guid":{"rendered":"https:\/\/altovoltajeradio.com\/es\/?p=417"},"modified":"2022-06-24T02:36:20","modified_gmt":"2022-06-24T02:36:20","slug":"alcalde-de-supia-pide-a-secretaria-de-medio-ambiente-de-caldas-prioridad-en-estudios-y-disenos-para-solucionar-problemas-ocasionados-por-crecientes-del-rio-supia","status":"publish","type":"post","link":"https:\/\/altovoltajeradio.com\/es\/alcalde-de-supia-pide-a-secretaria-de-medio-ambiente-de-caldas-prioridad-en-estudios-y-disenos-para-solucionar-problemas-ocasionados-por-crecientes-del-rio-supia\/","title":{"rendered":"Alcalde de Sup\u00eda pide a Secretar\u00eda de Medio Ambiente de Caldas prioridad en estudios y dise\u00f1os para solucionar problemas ocasionados por crecientes del R\u00edo Sup\u00eda"},"content":{"rendered":"\n<p>El mandatario de los supie\u00f1os Marco Antonio Londo\u00f1o Zuluaga pidi\u00f3 a la secretaria de Medio Ambiente de Caldas, Paula Andrea Loaiza,  que priorice los estudios y dise\u00f1os fase 3 que se deben presentar a la Unidad Nacional de Gesti\u00f3n del Riesgo de Desastres-UNGRD- y as\u00ed darle una soluci\u00f3n definitiva al problema de inundaciones que se registra frecuentemente en este municipio por las crecientes s\u00fabitas del R\u00edo Sup\u00eda, especialmente en las tradicionales temporadas de lluvias y que deben ser radicados ante el nuevo gobierno del presidente electo Gustavo Petro en aras de lograr su financiaci\u00f3n.<\/p>\n\n\n\n<p>El alcalde de esta poblaci\u00f3n , record\u00f3 que estos estudios y dise\u00f1os hacen parte de un convenio que su administraci\u00f3n firm\u00f3 desde octubre del 2021 con la Gobernaci\u00f3n de Caldas y la Corporaci\u00f3n Aut\u00f3noma Regional de Caldas-Corpocaldas.<\/p>\n\n\n\n<p>El pasado lunes 20 de junio,  las aguas del R\u00edo Sup\u00eda y la Quebrada Rapao inundaron varias casas de los barrios San Lorenzo, La Vega Baja y La Playita con la consecuente afectaci\u00f3n a las familias que las habitan. De ah\u00ed la imperiosa necesidad de que el tr\u00e1mite de estos documentos se agilice para gestionar a tiempo los recursos que se requieren con el fin de darle soluci\u00f3n a una situaci\u00f3n recurrente de emergencia que podr\u00eda derivar en tragedia si no se act\u00faa con prontitud.<\/p>\n\n\n\n<p>Londo\u00f1o Zuluaga se mostr\u00f3 inconforme porque luego de transcurridos 8 meses y despu\u00e9s de preguntar por la evoluci\u00f3n de este proceso, les respondieron que se encontraba en la etapa precontractual en el Secop, algo que preocupa si se tiene en cuenta el grado de prioridad de esta gesti\u00f3n ante la arremetida de una ola invernal que de acuerdo con el IDEAM se prolongar\u00e1 hasta finales de este a\u00f1o o comienzos del 2023.<\/p>\n\n\n\n<p>Mientras tanto y con la construcci\u00f3n de un jarill\u00f3n en la margen derecha del R\u00edo Sup\u00eda, cerca al barrio San Lorenzo, la alcald\u00eda de esta localidad comenz\u00f3 a solucionar de manera temporal y preventiva, la amenaza latente de creciente s\u00fabita de este afluente. Los trabajos se adelantan con la maquinaria que facilit\u00f3 la Gobernaci\u00f3n de Caldas.<\/p>\n\n\n\n<p>De otro lado,  el alcalde Marco Antonio Zuluaga Londo\u00f1o denunci\u00f3 a un grupo de personas que se identifican como integrantes de una comunidad ind\u00edgena y que buscaron impedir este jueves 23 de junio que los trabajos de dragado del R\u00edo Sup\u00eda que se hacen como respuesta a la emergencia generada por la inundaci\u00f3n del pasado lunes, se desarrollen de manera normal.<\/p>\n\n\n\n<p>\u00abLa administraci\u00f3n municipal hizo un llamado a la sensatez de quienes tratan de oponerse a que estas obras sigan su curso, para que desistan de su intenci\u00f3n, ya que el \u00fanico prop\u00f3sito de la alcald\u00eda en articulaci\u00f3n con la gobernaci\u00f3n del departamento y Corpocaldas es brindar una pronta soluci\u00f3n, as\u00ed sea transitoria, ante eventuales inundaciones\u00bb, manifest\u00f3 Zuluaga Londo\u00f1o.<\/p>\n\n\n\n<figure class=\"wp-block-image size-large\"><img loading=\"lazy\" decoding=\"async\" width=\"1024\" height=\"726\" src=\"https:\/\/altovoltajeradio.com\/es\/wp-content\/uploads\/2022\/06\/borradores-1-3-1024x726.jpg\" alt=\"\" class=\"wp-image-418\" srcset=\"https:\/\/altovoltajeradio.com\/es\/wp-content\/uploads\/2022\/06\/borradores-1-3-1024x726.jpg 1024w, https:\/\/altovoltajeradio.com\/es\/wp-content\/uploads\/2022\/06\/borradores-1-3-300x213.jpg 300w, https:\/\/altovoltajeradio.com\/es\/wp-content\/uploads\/2022\/06\/borradores-1-3-768x545.jpg 768w, https:\/\/altovoltajeradio.com\/es\/wp-content\/uploads\/2022\/06\/borradores-1-3-1536x1090.jpg 1536w, https:\/\/altovoltajeradio.com\/es\/wp-content\/uploads\/2022\/06\/borradores-1-3-255x180.jpg 255w, https:\/\/altovoltajeradio.com\/es\/wp-content\/uploads\/2022\/06\/borradores-1-3-350x247.jpg 350w, https:\/\/altovoltajeradio.com\/es\/wp-content\/uploads\/2022\/06\/borradores-1-3-635x450.jpg 635w, https:\/\/altovoltajeradio.com\/es\/wp-content\/uploads\/2022\/06\/borradores-1-3-290x205.jpg 290w, https:\/\/altovoltajeradio.com\/es\/wp-content\/uploads\/2022\/06\/borradores-1-3.jpg 1748w\" sizes=\"auto, (max-width: 1024px) 100vw, 1024px\" \/><\/figure>\n","protected":false},"excerpt":{"rendered":"<p>El mandatario de los supie\u00f1os Marco Antonio Londo\u00f1o Zuluaga pidi\u00f3 [&hellip;]<\/p>\n","protected":false},"author":2,"featured_media":418,"comment_status":"open","ping_status":"open","sticky":true,"template":"","format":"standard","meta":{"footnotes":""},"categories":[12],"tags":[],"class_list":["post-417","post","type-post","status-publish","format-standard","has-post-thumbnail","hentry","category-regional"],"_links":{"self":[{"href":"https:\/\/altovoltajeradio.com\/es\/wp-json\/wp\/v2\/posts\/417","targetHints":{"allow":["GET"]}}],"collection":[{"href":"https:\/\/altovoltajeradio.com\/es\/wp-json\/wp\/v2\/posts"}],"about":[{"href":"https:\/\/altovoltajeradio.com\/es\/wp-json\/wp\/v2\/types\/post"}],"author":[{"embeddable":true,"href":"https:\/\/altovoltajeradio.com\/es\/wp-json\/wp\/v2\/users\/2"}],"replies":[{"embeddable":true,"href":"https:\/\/altovoltajeradio.com\/es\/wp-json\/wp\/v2\/comments?post=417"}],"version-history":[{"count":1,"href":"https:\/\/altovoltajeradio.com\/es\/wp-json\/wp\/v2\/posts\/417\/revisions"}],"predecessor-version":[{"id":419,"href":"https:\/\/altovoltajeradio.com\/es\/wp-json\/wp\/v2\/posts\/417\/revisions\/419"}],"wp:featuredmedia":[{"embeddable":true,"href":"https:\/\/altovoltajeradio.com\/es\/wp-json\/wp\/v2\/media\/418"}],"wp:attachment":[{"href":"https:\/\/altovoltajeradio.com\/es\/wp-json\/wp\/v2\/media?parent=417"}],"wp:term":[{"taxonomy":"category","embeddable":true,"href":"https:\/\/altovoltajeradio.com\/es\/wp-json\/wp\/v2\/categories?post=417"},{"taxonomy":"post_tag","embeddable":true,"href":"https:\/\/altovoltajeradio.com\/es\/wp-json\/wp\/v2\/tags?post=417"}],"curies":[{"name":"wp","href":"https:\/\/api.w.org\/{rel}","templated":true}]}}