{"id":420,"date":"2022-06-28T13:27:29","date_gmt":"2022-06-28T13:27:29","guid":{"rendered":"https:\/\/altovoltajeradio.com\/es\/?p=420"},"modified":"2022-06-28T13:27:29","modified_gmt":"2022-06-28T13:27:29","slug":"tragedia-en-centro-carcelario-de-tulua","status":"publish","type":"post","link":"https:\/\/altovoltajeradio.com\/es\/tragedia-en-centro-carcelario-de-tulua\/","title":{"rendered":"Tragedia en centro carcelario de Tulu\u00e1"},"content":{"rendered":"\n<p>Por lo menos 52 muertos y cerca de 34 heridos\u00a0es el saldo preliminar que deja un mot\u00edn en la madrugada de este 28 de junio en la c\u00e1rcel de Tulu\u00e1, Valle del Cauca.<\/p>\n\n\n\n<p>El hecho se present\u00f3 en el pabell\u00f3n n\u00famero 8, al parecer, en un intento de fuga en medio de un cambio de guardia. En el lugar, se present\u00f3 un incendio de grandes proporciones.<\/p>\n\n\n\n<p>En el pabell\u00f3n donde se presentaron los hechos hab\u00edan 180 internos\u00a0entre sindicados y condenados de mediana seguridad, seg\u00fan le dijo el general Tito Castellanos.<\/p>\n\n\n\n<p>Seg\u00fan Castellanos, todo empez\u00f3 con una ri\u00f1a entre los propios privados de la libertad<strong>.<\/strong>\u00a0Cuando los miembros del Inpec trataron de controlar el enfrentamiento, comenzaron a prenderles fuego a sus propios colchones. El director del Inpec asegur\u00f3 que hubo un \u201cefecto cascada\u201d y las llamas se propagaron r\u00e1pidamente por el pabell\u00f3n 8.<\/p>\n\n\n\n<p>El presidente Iv\u00e1n Duque lament\u00f3 los hechos ocurridos<strong> <\/strong>en el centro penitenciario y pidi\u00f3 al director del Inpec adelantar las investigaciones pertinentes para esclarecer el caso.<\/p>\n\n\n\n<figure class=\"wp-block-image size-full\"><img loading=\"lazy\" decoding=\"async\" width=\"1024\" height=\"768\" src=\"https:\/\/altovoltajeradio.com\/es\/wp-content\/uploads\/2022\/06\/borradores-4-C.jpg\" alt=\"\" class=\"wp-image-421\" srcset=\"https:\/\/altovoltajeradio.com\/es\/wp-content\/uploads\/2022\/06\/borradores-4-C.jpg 1024w, https:\/\/altovoltajeradio.com\/es\/wp-content\/uploads\/2022\/06\/borradores-4-C-300x225.jpg 300w, https:\/\/altovoltajeradio.com\/es\/wp-content\/uploads\/2022\/06\/borradores-4-C-768x576.jpg 768w, https:\/\/altovoltajeradio.com\/es\/wp-content\/uploads\/2022\/06\/borradores-4-C-635x476.jpg 635w\" sizes=\"auto, (max-width: 1024px) 100vw, 1024px\" \/><\/figure>\n","protected":false},"excerpt":{"rendered":"<p>Por lo menos 52 muertos y cerca de 34 heridos\u00a0es [&hellip;]<\/p>\n","protected":false},"author":2,"featured_media":0,"comment_status":"open","ping_status":"open","sticky":true,"template":"","format":"standard","meta":{"footnotes":""},"categories":[4],"tags":[],"class_list":["post-420","post","type-post","status-publish","format-standard","hentry","category-extra"],"_links":{"self":[{"href":"https:\/\/altovoltajeradio.com\/es\/wp-json\/wp\/v2\/posts\/420","targetHints":{"allow":["GET"]}}],"collection":[{"href":"https:\/\/altovoltajeradio.com\/es\/wp-json\/wp\/v2\/posts"}],"about":[{"href":"https:\/\/altovoltajeradio.com\/es\/wp-json\/wp\/v2\/types\/post"}],"author":[{"embeddable":true,"href":"https:\/\/altovoltajeradio.com\/es\/wp-json\/wp\/v2\/users\/2"}],"replies":[{"embeddable":true,"href":"https:\/\/altovoltajeradio.com\/es\/wp-json\/wp\/v2\/comments?post=420"}],"version-history":[{"count":2,"href":"https:\/\/altovoltajeradio.com\/es\/wp-json\/wp\/v2\/posts\/420\/revisions"}],"predecessor-version":[{"id":423,"href":"https:\/\/altovoltajeradio.com\/es\/wp-json\/wp\/v2\/posts\/420\/revisions\/423"}],"wp:attachment":[{"href":"https:\/\/altovoltajeradio.com\/es\/wp-json\/wp\/v2\/media?parent=420"}],"wp:term":[{"taxonomy":"category","embeddable":true,"href":"https:\/\/altovoltajeradio.com\/es\/wp-json\/wp\/v2\/categories?post=420"},{"taxonomy":"post_tag","embeddable":true,"href":"https:\/\/altovoltajeradio.com\/es\/wp-json\/wp\/v2\/tags?post=420"}],"curies":[{"name":"wp","href":"https:\/\/api.w.org\/{rel}","templated":true}]}}