{"id":424,"date":"2022-06-29T04:08:15","date_gmt":"2022-06-29T04:08:15","guid":{"rendered":"https:\/\/altovoltajeradio.com\/es\/?p=424"},"modified":"2022-06-29T04:08:15","modified_gmt":"2022-06-29T04:08:15","slug":"feria-de-servicios-acercate-en-riosucio","status":"publish","type":"post","link":"https:\/\/altovoltajeradio.com\/es\/feria-de-servicios-acercate-en-riosucio\/","title":{"rendered":"Feria de servicios ACERCATE en Riosucio"},"content":{"rendered":"\n<p>Riosucio ser\u00e1 la sede de la Feria de servicios ACERCATE, evento que tiene como objetivo acercar el Estado a la ciudadan\u00eda, la Gobernaci\u00f3n de Caldas, el Departamento Administrativo de la Funci\u00f3n P\u00fablica y la Alcald\u00eda de Riosucio, un espacio que re\u00fane a m\u00e1s de 70 entidades p\u00fablicas del orden nacional y regional, con el fin de facilitar el acceso a sus ofertas institucional de manera integrada para realizar tr\u00e1mites, servicios e informaci\u00f3n de inter\u00e9s. Asimismo, se generar\u00e1n espacios para rendir cuentas, promocionar el control social, participaci\u00f3n ciudadana y jornadas de capacitaci\u00f3n.<\/p>\n\n\n\n<p>El Gobernador de Caldas, Luis Carlos Vel\u00e1squez Cardona, resalt\u00f3 la importancia de estos espacios de participaci\u00f3n ciudadana, cuyo objetivo principal es que la ciudadan\u00eda est\u00e9 m\u00e1s cerca de los procesos del Estado.<\/p>\n\n\n\n<p>\u201cEsta feria de servicios es importante para la Gobernaci\u00f3n de Caldas porque para nosotros, nuestros caldenses son lo primero. Por eso, las diferentes secretar\u00edas de la Administraci\u00f3n trasladar\u00e1n su variada oferta institucional a Riosucio. All\u00ed, los ciudadanos podr\u00e1n acceder a informaci\u00f3n sobre los seis programas de vivienda que tenemos en la Gobernaci\u00f3n de Caldas, c\u00f3mo realizar el tr\u00e1mite de liquidaci\u00f3n de impuestos, cr\u00e9ditos agropecuarios, asesor\u00edas para formar parte del programa Origen Caldas, que es dirigido a nuestros campesinos. Adem\u00e1s, para el programa de apoyo a la poblaci\u00f3n con discapacidad, entre otros. Se brindar\u00e1n diferentes capacitaciones desde las entidades p\u00fablicas, las cuales estar\u00e1n dirigidas a los ciudadanos y funcionarios p\u00fablicos\u201d, dijo el mandatario de los caldenses.<\/p>\n\n\n\n<p>Vel\u00e1squez Carona indic\u00f3 que con el firme prop\u00f3sito de brindar espacios de participaci\u00f3n y de transparencia, se realizar\u00e1 una Rendici\u00f3n de Cuentas el s\u00e1bado 2 de julio para que los ciudadanos conozcan de primera mano c\u00f3mo avanza la ejecuci\u00f3n del Plan de Desarrollo de Caldas Unidos es Posible y de qu\u00e9 forma estos logros benefician a los riosuce\u00f1os.<\/p>\n\n\n\n<p>El director del Departamento Administrativo de la Funci\u00f3n P\u00fablica, Nerio Jos\u00e9 Alvis Barranco, apunt\u00f3: \u201cEsta feria da cuenta de nuestro compromiso con la implementaci\u00f3n de acciones que promuevan el desarrollo territorial y fortalezcan la prestaci\u00f3n de los servicios del Estado en la regi\u00f3n. El evento no solo beneficiar\u00e1 a los 50 mil habitantes de Riosucio, quienes podr\u00e1n adelantar sus tr\u00e1mites y consultas pendientes con el Estado, sino tambi\u00e9n a todas las personas del Alto Occidente de Caldas\u201d.<\/p>\n\n\n\n<p>PROGRAMACI\u00d3N<br>Viernes 1 de julio: se realizar\u00e1n jornadas de di\u00e1logo y aprendizaje en el Colegio los Fundadores.<br>S\u00e1bado 2 de julio: las 74 entidades presentes ofrecer\u00e1n atenci\u00f3n de tr\u00e1mites y requerimientos ciudadanos en la plaza La Candelaria.<\/p>\n\n\n\n<figure class=\"wp-block-image size-full\"><img loading=\"lazy\" decoding=\"async\" width=\"600\" height=\"399\" src=\"https:\/\/altovoltajeradio.com\/es\/wp-content\/uploads\/2022\/06\/borradores-4-D.jpg\" alt=\"\" class=\"wp-image-425\" srcset=\"https:\/\/altovoltajeradio.com\/es\/wp-content\/uploads\/2022\/06\/borradores-4-D.jpg 600w, https:\/\/altovoltajeradio.com\/es\/wp-content\/uploads\/2022\/06\/borradores-4-D-300x200.jpg 300w, https:\/\/altovoltajeradio.com\/es\/wp-content\/uploads\/2022\/06\/borradores-4-D-320x214.jpg 320w\" sizes=\"auto, (max-width: 600px) 100vw, 600px\" \/><\/figure>\n\n\n\n<p>Entidades nacionales participantes<br>Alcald\u00eda municipal y DNP: consultas y solicitud de actualizaciones del puntaje del Sisb\u00e9n.<br>Unidad para las V\u00edctimas: solicitud del tr\u00e1mite de novedades y actualizaciones del Registro \u00danico de V\u00edctimas (RUV) e informaci\u00f3n sobre la oferta de proyectos productivos, empleo y educaci\u00f3n.<br>Colpensiones: solicitud de ahorro voluntario para la vejez.<br>DIAN: solicitud y actualizaci\u00f3n del RUT.<br>ICETEX: oferta de cr\u00e9ditos educativos.<br>Comisi\u00f3n Nacional del Servicio Civil: informaci\u00f3n de proceso de contrataci\u00f3n con entidades del Estado.<br>Red Nacional de Protecci\u00f3n al Consumidor: informaci\u00f3n sobre los derechos establecidos en el Estatuto Nacional del Consumidor.<br>ICA: asesor\u00eda en procesos t\u00e9cnicos agropecuarios.<br>Banca de las Oportunidades: acceso a la banca formal para cr\u00e9ditos de vivienda, fomento y consumo.<br>Instituto Nacional de Salud: registro de donaci\u00f3n de \u00f3rganos, capacitaciones sobre donaci\u00f3n de sangre, importancia de la lactancia material y prevenci\u00f3n de enfermedades.<br>El dato<br>Durante la feria se realizar\u00e1 la premiaci\u00f3n del Concurso Departamental de Lenguaje Claro, liderado por la Gobernaci\u00f3n de Caldas. Este concurso incentiva la realizaci\u00f3n de documentos p\u00fablicos en un lenguaje de f\u00e1cil comprensi\u00f3n tanto para los servidores como la ciudadan\u00eda.<\/p>\n","protected":false},"excerpt":{"rendered":"<p>Riosucio ser\u00e1 la sede de la Feria de servicios ACERCATE, [&hellip;]<\/p>\n","protected":false},"author":2,"featured_media":426,"comment_status":"open","ping_status":"open","sticky":true,"template":"","format":"standard","meta":{"footnotes":""},"categories":[12],"tags":[],"class_list":["post-424","post","type-post","status-publish","format-standard","has-post-thumbnail","hentry","category-regional"],"_links":{"self":[{"href":"https:\/\/altovoltajeradio.com\/es\/wp-json\/wp\/v2\/posts\/424","targetHints":{"allow":["GET"]}}],"collection":[{"href":"https:\/\/altovoltajeradio.com\/es\/wp-json\/wp\/v2\/posts"}],"about":[{"href":"https:\/\/altovoltajeradio.com\/es\/wp-json\/wp\/v2\/types\/post"}],"author":[{"embeddable":true,"href":"https:\/\/altovoltajeradio.com\/es\/wp-json\/wp\/v2\/users\/2"}],"replies":[{"embeddable":true,"href":"https:\/\/altovoltajeradio.com\/es\/wp-json\/wp\/v2\/comments?post=424"}],"version-history":[{"count":1,"href":"https:\/\/altovoltajeradio.com\/es\/wp-json\/wp\/v2\/posts\/424\/revisions"}],"predecessor-version":[{"id":427,"href":"https:\/\/altovoltajeradio.com\/es\/wp-json\/wp\/v2\/posts\/424\/revisions\/427"}],"wp:featuredmedia":[{"embeddable":true,"href":"https:\/\/altovoltajeradio.com\/es\/wp-json\/wp\/v2\/media\/426"}],"wp:attachment":[{"href":"https:\/\/altovoltajeradio.com\/es\/wp-json\/wp\/v2\/media?parent=424"}],"wp:term":[{"taxonomy":"category","embeddable":true,"href":"https:\/\/altovoltajeradio.com\/es\/wp-json\/wp\/v2\/categories?post=424"},{"taxonomy":"post_tag","embeddable":true,"href":"https:\/\/altovoltajeradio.com\/es\/wp-json\/wp\/v2\/tags?post=424"}],"curies":[{"name":"wp","href":"https:\/\/api.w.org\/{rel}","templated":true}]}}