{"id":428,"date":"2022-07-01T03:26:23","date_gmt":"2022-07-01T03:26:23","guid":{"rendered":"https:\/\/altovoltajeradio.com\/es\/?p=428"},"modified":"2022-07-01T03:26:23","modified_gmt":"2022-07-01T03:26:23","slug":"sena-ofertara-vacantes-de-empleo-en-riosucio","status":"publish","type":"post","link":"https:\/\/altovoltajeradio.com\/es\/sena-ofertara-vacantes-de-empleo-en-riosucio\/","title":{"rendered":"SENA ofertar\u00e1 vacantes de empleo en Riosucio"},"content":{"rendered":"\n<p>M\u00e1s de 40 oportunidades de empleo, oferta educativa en diversas \u00e1reas, emprendimiento y certificaci\u00f3n de competencias laborales ser\u00e1n algunos de los servicios que estar\u00e1 ofertando el SENA Caldas en Riosucio durante la Feria de Servicio al Ciudadano, Ac\u00e9rcate, que se realizar\u00e1 el 1 y 2 de julio del presente a\u00f1o en esta localidad del Alto Occidente de Caldas.<\/p>\n\n\n\n<p>\u201cInvitamos a todos los habitantes de este municipio y alrededores a que nos acompa\u00f1en y se enteren de toda la oferta p\u00fablica y gratuita que tiene la Entidad para promover la adquisici\u00f3n de competencias laborales y, por consiguiente, lograr con mayor \u00e9xito la inserci\u00f3n en el mundo del trabajo o escalar al interior de una organizaci\u00f3n\u201d, dijo \u00c9rika Alzate, coordinadora de la Agencia P\u00fablica de Empleo del SENA Caldas.<\/p>\n\n\n\n<p>Alzate tambi\u00e9n mencion\u00f3 que algunas de las vacantes disponibles son para m\u00e9dico general, opt\u00f3metra, asesor comercial, operario de confecci\u00f3n, operario en fileteadora, dise\u00f1ador gr\u00e1fico, promotor ventas, operario agr\u00edcola, entre otros.<\/p>\n\n\n\n<p>En cuanto a la oferta educativa, la Entidad estar\u00e1 ofertando programas complementarios relacionados con biling\u00fcismo, ofim\u00e1tica, fotograf\u00eda, medio ambiente, agroindustria, agropecuario y desarrollo de habilidad digitales.<\/p>\n\n\n\n<p>Las ferias Ac\u00e9rcate, lideradas por el Departamento Administrativo de la Funci\u00f3n P\u00fablica (DAFP), son una estrategia de acercamiento y conexi\u00f3n directa entre el Estado y la ciudadan\u00eda, con el fin de atender de manera articulada, masiva y presencial las necesidades y requerimientos de las personas.<\/p>\n\n\n\n<p>El viernes 1 de julio de 8:00 a.m. a 11:00 a.m., en la Instituci\u00f3n Educativa Los Fundadores, la Entidad brindar\u00e1 orientaci\u00f3n sobre su oferta de programas de formaci\u00f3n, orientaci\u00f3n ocupacional para buscadores de empleo, certificaci\u00f3n de competencias laborales, y c\u00f3mo vincularse al Fondo Emprender y al programa SENA Emprende Rural.<\/p>\n\n\n\n<p>El s\u00e1bado 2 de julio de 8:00 a.m. a 3:00 p.m., la cita ser\u00e1 en la plaza La Candelaria, donde se prestar\u00e1 atenci\u00f3n presencial en el Estand del SENA sobre vacantes de empleo, formaci\u00f3n complementaria y titulada, emprendimiento, asesor\u00eda empresarial y certificaci\u00f3n de competencias laborales.<\/p>\n\n\n\n<p>\u201cEl SENA es precisamente una de las entidades m\u00e1s queridas por los colombianos dada su alta vocaci\u00f3n de servicio y soluci\u00f3n a sus necesidades. Por ello, estaremos presentes en la feria Ac\u00e9rcate con una amplia oferta de servicios y tr\u00e1mites para que los riosuce\u00f1os se acerquen y conozcan, de manera directa y sin intermediarios, los servicios y tr\u00e1mites con los cuales garantizamos y promovemos de manera efectiva los derechos de educaci\u00f3n y trabajo\u201d, afirm\u00f3 Adriana Milena Gasca Cardozo, coordinadora Nacional de Servicio al Ciudadano.<\/p>\n\n\n\n<figure class=\"wp-block-image size-large\"><img loading=\"lazy\" decoding=\"async\" width=\"1024\" height=\"592\" src=\"https:\/\/altovoltajeradio.com\/es\/wp-content\/uploads\/2022\/07\/borradores-1-1024x592.jpg\" alt=\"\" class=\"wp-image-429\" srcset=\"https:\/\/altovoltajeradio.com\/es\/wp-content\/uploads\/2022\/07\/borradores-1-1024x592.jpg 1024w, https:\/\/altovoltajeradio.com\/es\/wp-content\/uploads\/2022\/07\/borradores-1-300x173.jpg 300w, https:\/\/altovoltajeradio.com\/es\/wp-content\/uploads\/2022\/07\/borradores-1-768x444.jpg 768w, https:\/\/altovoltajeradio.com\/es\/wp-content\/uploads\/2022\/07\/borradores-1-635x367.jpg 635w, https:\/\/altovoltajeradio.com\/es\/wp-content\/uploads\/2022\/07\/borradores-1.jpg 1300w\" sizes=\"auto, (max-width: 1024px) 100vw, 1024px\" \/><\/figure>\n","protected":false},"excerpt":{"rendered":"<p>M\u00e1s de 40 oportunidades de empleo, oferta educativa en diversas [&hellip;]<\/p>\n","protected":false},"author":2,"featured_media":429,"comment_status":"open","ping_status":"open","sticky":true,"template":"","format":"standard","meta":{"footnotes":""},"categories":[6],"tags":[],"class_list":["post-428","post","type-post","status-publish","format-standard","has-post-thumbnail","hentry","category-sucesos"],"_links":{"self":[{"href":"https:\/\/altovoltajeradio.com\/es\/wp-json\/wp\/v2\/posts\/428","targetHints":{"allow":["GET"]}}],"collection":[{"href":"https:\/\/altovoltajeradio.com\/es\/wp-json\/wp\/v2\/posts"}],"about":[{"href":"https:\/\/altovoltajeradio.com\/es\/wp-json\/wp\/v2\/types\/post"}],"author":[{"embeddable":true,"href":"https:\/\/altovoltajeradio.com\/es\/wp-json\/wp\/v2\/users\/2"}],"replies":[{"embeddable":true,"href":"https:\/\/altovoltajeradio.com\/es\/wp-json\/wp\/v2\/comments?post=428"}],"version-history":[{"count":1,"href":"https:\/\/altovoltajeradio.com\/es\/wp-json\/wp\/v2\/posts\/428\/revisions"}],"predecessor-version":[{"id":430,"href":"https:\/\/altovoltajeradio.com\/es\/wp-json\/wp\/v2\/posts\/428\/revisions\/430"}],"wp:featuredmedia":[{"embeddable":true,"href":"https:\/\/altovoltajeradio.com\/es\/wp-json\/wp\/v2\/media\/429"}],"wp:attachment":[{"href":"https:\/\/altovoltajeradio.com\/es\/wp-json\/wp\/v2\/media?parent=428"}],"wp:term":[{"taxonomy":"category","embeddable":true,"href":"https:\/\/altovoltajeradio.com\/es\/wp-json\/wp\/v2\/categories?post=428"},{"taxonomy":"post_tag","embeddable":true,"href":"https:\/\/altovoltajeradio.com\/es\/wp-json\/wp\/v2\/tags?post=428"}],"curies":[{"name":"wp","href":"https:\/\/api.w.org\/{rel}","templated":true}]}}