{"id":434,"date":"2022-07-03T04:47:03","date_gmt":"2022-07-03T04:47:03","guid":{"rendered":"https:\/\/altovoltajeradio.com\/es\/?p=434"},"modified":"2022-07-03T04:47:03","modified_gmt":"2022-07-03T04:47:03","slug":"feria-acercate-en-riosucio-cerro-con-mas-de-11-mil-interactuantes","status":"publish","type":"post","link":"https:\/\/altovoltajeradio.com\/es\/feria-acercate-en-riosucio-cerro-con-mas-de-11-mil-interactuantes\/","title":{"rendered":"FERIA AC\u00c9RCATE EN RIOSUCIO CERR\u00d3 CON M\u00c1S DE 11 MIL INTERACTUANTES"},"content":{"rendered":"\n<p>La segunda\u00a0<strong>Feria Ac\u00e9rcate<\/strong>\u00a0de 2022 permiti\u00f3 que 11.251 ciudadanos de la subregi\u00f3n Alto Occidente de Caldas y los municipios vecinos de Antioquia y Risaralda participaran en dos grandes jornadas: la primera de aprendizaje y di\u00e1logo, y la segunda, de informaci\u00f3n y atenci\u00f3n de tr\u00e1mites y servicios.<\/p>\n\n\n\n<p>Durante la primera jornada, se realizaron 91 actividades de aprendizaje y mesas de trabajo que permitieron&nbsp;cerca de 1.900&nbsp;interacciones de ciudadanos y servidores de la regi\u00f3n. En el segundo d\u00eda, en la jornada de informaci\u00f3n y servicio, se llevaron a cabo<strong>&nbsp;11.251&nbsp;<\/strong>interacciones ciudadanas.<\/p>\n\n\n\n<p>\u00ab<em>Acercar la oferta unificada de tr\u00e1mites y servicios del Estado a Riosucio ha sido muy gratificante para Funci\u00f3n P\u00fablica, pues nos ha permitido identificar necesidades de la ciudadan\u00eda y servidores, y, sobre todo, brindar posibilidades de soluci\u00f3n a las mismas<\/em>\u201d, manifest\u00f3&nbsp;Nerio Jos\u00e9 Alvis Barranco, director de la entidad.<\/p>\n\n\n\n<p>Adicionalmente, la Alcald\u00eda de Riosucio y la Gobernaci\u00f3n de Caldas rindieron cuentas de su gesti\u00f3n ante la ciudadan\u00eda.<\/p>\n\n\n\n<p>En la segunda jornada de la feria, las 74 entidades participantes del orden nacional y territorial representadas por cerca de 300 servidores p\u00fablicos pusieron todo su portafolio institucional a la ciudadan\u00eda, donde se destacaron iniciativas como:<\/p>\n\n\n\n<ul class=\"wp-block-list\"><li>Presentaciones musicales de la Fundaci\u00f3n Seres, integrada por ni\u00f1os con discapacidad f\u00edsica y sensorial, en apoyo con el ICBF; y muestras culturales t\u00edpicas de la Corporaci\u00f3n Lagua, el Carnaval de Riosucio, la Estudiantina Cuerdas y Madera y el Coro infantil y juvenil del municipio.<\/li><li>Proyectos de apoyo acad\u00e9mico y t\u00e9cnico en confecci\u00f3n del SENA dirigido a v\u00edctimas del conflicto.<\/li><li>Ejercicios de lenguaje claro con ciudadanos para analizar la informaci\u00f3n p\u00fablica y hacerla m\u00e1s sencilla, por parte del Instituto Geogr\u00e1fico Agust\u00edn Codazzi, la Unidad para las V\u00edctimas, el Ministerio de Minas y Energ\u00eda, el Instituto Geol\u00f3gico Colombiano, Fogaf\u00edn y la Superintendencia de Salud.<\/li><li>Muestra artesanal, gastron\u00f3mica y de proyectos productivos, Expoferia R\u00edo 2022.<\/li><\/ul>\n\n\n\n<p>Las entidades que tuvieron mayor n\u00famero interacciones fueron: Unidad de Atenci\u00f3n y Reparaci\u00f3n Integral a V\u00edctimas, Instituto Colombiano de Bienestar Familiar, Ministerio de Transporte, DIAN, Ministerio de Educaci\u00f3n, Colpensiones, SuperSalud, Pol\u00edcia Nacional, SuperSubsidio Familiar y el Servicio Geol\u00f3gico Colombiano.<\/p>\n\n\n\n<figure class=\"wp-block-image size-large\"><img loading=\"lazy\" decoding=\"async\" width=\"1024\" height=\"473\" src=\"https:\/\/altovoltajeradio.com\/es\/wp-content\/uploads\/2022\/07\/borradores-4-D-1-1024x473.jpg\" alt=\"\" class=\"wp-image-435\" srcset=\"https:\/\/altovoltajeradio.com\/es\/wp-content\/uploads\/2022\/07\/borradores-4-D-1-1024x473.jpg 1024w, https:\/\/altovoltajeradio.com\/es\/wp-content\/uploads\/2022\/07\/borradores-4-D-1-300x138.jpg 300w, https:\/\/altovoltajeradio.com\/es\/wp-content\/uploads\/2022\/07\/borradores-4-D-1-768x354.jpg 768w, https:\/\/altovoltajeradio.com\/es\/wp-content\/uploads\/2022\/07\/borradores-4-D-1-1536x709.jpg 1536w, https:\/\/altovoltajeradio.com\/es\/wp-content\/uploads\/2022\/07\/borradores-4-D-1-635x293.jpg 635w, https:\/\/altovoltajeradio.com\/es\/wp-content\/uploads\/2022\/07\/borradores-4-D-1.jpg 2048w\" sizes=\"auto, (max-width: 1024px) 100vw, 1024px\" \/><\/figure>\n","protected":false},"excerpt":{"rendered":"<p>La segunda\u00a0Feria Ac\u00e9rcate\u00a0de 2022 permiti\u00f3 que 11.251 ciudadanos de la [&hellip;]<\/p>\n","protected":false},"author":2,"featured_media":435,"comment_status":"open","ping_status":"open","sticky":true,"template":"","format":"standard","meta":{"footnotes":""},"categories":[6],"tags":[],"class_list":["post-434","post","type-post","status-publish","format-standard","has-post-thumbnail","hentry","category-sucesos"],"_links":{"self":[{"href":"https:\/\/altovoltajeradio.com\/es\/wp-json\/wp\/v2\/posts\/434","targetHints":{"allow":["GET"]}}],"collection":[{"href":"https:\/\/altovoltajeradio.com\/es\/wp-json\/wp\/v2\/posts"}],"about":[{"href":"https:\/\/altovoltajeradio.com\/es\/wp-json\/wp\/v2\/types\/post"}],"author":[{"embeddable":true,"href":"https:\/\/altovoltajeradio.com\/es\/wp-json\/wp\/v2\/users\/2"}],"replies":[{"embeddable":true,"href":"https:\/\/altovoltajeradio.com\/es\/wp-json\/wp\/v2\/comments?post=434"}],"version-history":[{"count":1,"href":"https:\/\/altovoltajeradio.com\/es\/wp-json\/wp\/v2\/posts\/434\/revisions"}],"predecessor-version":[{"id":436,"href":"https:\/\/altovoltajeradio.com\/es\/wp-json\/wp\/v2\/posts\/434\/revisions\/436"}],"wp:featuredmedia":[{"embeddable":true,"href":"https:\/\/altovoltajeradio.com\/es\/wp-json\/wp\/v2\/media\/435"}],"wp:attachment":[{"href":"https:\/\/altovoltajeradio.com\/es\/wp-json\/wp\/v2\/media?parent=434"}],"wp:term":[{"taxonomy":"category","embeddable":true,"href":"https:\/\/altovoltajeradio.com\/es\/wp-json\/wp\/v2\/categories?post=434"},{"taxonomy":"post_tag","embeddable":true,"href":"https:\/\/altovoltajeradio.com\/es\/wp-json\/wp\/v2\/tags?post=434"}],"curies":[{"name":"wp","href":"https:\/\/api.w.org\/{rel}","templated":true}]}}