{"id":44,"date":"2022-03-18T00:17:57","date_gmt":"2022-03-18T00:17:57","guid":{"rendered":"https:\/\/altovoltajeradio.com\/es\/?p=44"},"modified":"2022-03-18T00:22:10","modified_gmt":"2022-03-18T00:22:10","slug":"convenio-raices-estuvo-en-bonafont-2","status":"publish","type":"post","link":"https:\/\/altovoltajeradio.com\/es\/convenio-raices-estuvo-en-bonafont-2\/","title":{"rendered":"CONVENIO RA\u00cdCES ESTUVO EN BONAFONT"},"content":{"rendered":"\n<p>En el marco del convenio&nbsp;Ra\u00edces &nbsp;con el que se busca implementar acciones clim\u00e1ticas favorables para el departamento de Caldas a trav\u00e9s del Plan Integral de Gesti\u00f3n del cambio Clim\u00e1tico (PIGCC).<\/p>\n\n\n\n<p>El miercoles 16 de marzo la Secretar\u00eda de Medio Ambiente de Caldas estuvo en Riosucio en la Instituci\u00f3n educativa Bonafont sede central y en la sede Pirza, realizando verificaci\u00f3n del espacio que ser\u00e1 usado para la adecuaci\u00f3n de dos huertos comunitarios con el que se busca implementar la estrategia de soberan\u00eda alimentaria entre la comunidad, padres de familia y estudiantes.<\/p>\n\n\n\n<figure class=\"wp-block-image size-large\"><img loading=\"lazy\" decoding=\"async\" width=\"1024\" height=\"770\" src=\"https:\/\/altovoltajeradio.com\/es\/wp-content\/uploads\/2022\/03\/borradores-2-5-1024x770.jpg\" alt=\"\" class=\"wp-image-46\" srcset=\"https:\/\/altovoltajeradio.com\/es\/wp-content\/uploads\/2022\/03\/borradores-2-5-1024x770.jpg 1024w, https:\/\/altovoltajeradio.com\/es\/wp-content\/uploads\/2022\/03\/borradores-2-5-300x226.jpg 300w, https:\/\/altovoltajeradio.com\/es\/wp-content\/uploads\/2022\/03\/borradores-2-5-768x578.jpg 768w, https:\/\/altovoltajeradio.com\/es\/wp-content\/uploads\/2022\/03\/borradores-2-5-635x478.jpg 635w, https:\/\/altovoltajeradio.com\/es\/wp-content\/uploads\/2022\/03\/borradores-2-5.jpg 1440w\" sizes=\"auto, (max-width: 1024px) 100vw, 1024px\" \/><\/figure>\n\n\n\n<p><\/p>\n","protected":false},"excerpt":{"rendered":"<p>En el marco del convenio&nbsp;Ra\u00edces &nbsp;con el que se busca [&hellip;]<\/p>\n","protected":false},"author":2,"featured_media":0,"comment_status":"open","ping_status":"open","sticky":false,"template":"","format":"standard","meta":{"footnotes":""},"categories":[1],"tags":[],"class_list":["post-44","post","type-post","status-publish","format-standard","hentry","category-general"],"_links":{"self":[{"href":"https:\/\/altovoltajeradio.com\/es\/wp-json\/wp\/v2\/posts\/44","targetHints":{"allow":["GET"]}}],"collection":[{"href":"https:\/\/altovoltajeradio.com\/es\/wp-json\/wp\/v2\/posts"}],"about":[{"href":"https:\/\/altovoltajeradio.com\/es\/wp-json\/wp\/v2\/types\/post"}],"author":[{"embeddable":true,"href":"https:\/\/altovoltajeradio.com\/es\/wp-json\/wp\/v2\/users\/2"}],"replies":[{"embeddable":true,"href":"https:\/\/altovoltajeradio.com\/es\/wp-json\/wp\/v2\/comments?post=44"}],"version-history":[{"count":2,"href":"https:\/\/altovoltajeradio.com\/es\/wp-json\/wp\/v2\/posts\/44\/revisions"}],"predecessor-version":[{"id":51,"href":"https:\/\/altovoltajeradio.com\/es\/wp-json\/wp\/v2\/posts\/44\/revisions\/51"}],"wp:attachment":[{"href":"https:\/\/altovoltajeradio.com\/es\/wp-json\/wp\/v2\/media?parent=44"}],"wp:term":[{"taxonomy":"category","embeddable":true,"href":"https:\/\/altovoltajeradio.com\/es\/wp-json\/wp\/v2\/categories?post=44"},{"taxonomy":"post_tag","embeddable":true,"href":"https:\/\/altovoltajeradio.com\/es\/wp-json\/wp\/v2\/tags?post=44"}],"curies":[{"name":"wp","href":"https:\/\/api.w.org\/{rel}","templated":true}]}}