{"id":450,"date":"2022-07-06T15:33:05","date_gmt":"2022-07-06T15:33:05","guid":{"rendered":"https:\/\/altovoltajeradio.com\/es\/?p=450"},"modified":"2022-07-06T15:33:05","modified_gmt":"2022-07-06T15:33:05","slug":"capturada-banda-los-caracoles-en-zona-rural-de-riosucio","status":"publish","type":"post","link":"https:\/\/altovoltajeradio.com\/es\/capturada-banda-los-caracoles-en-zona-rural-de-riosucio\/","title":{"rendered":"Capturada banda \u00abLos Caracoles\u00bb en zona rural de Riosucio"},"content":{"rendered":"\n<p>En operativos adelantados por la\u00a0Polic\u00eda Caldas\u00a0y la\u00a0Fiscal\u00eda General de la Naci\u00f3n\u00a0se permiti\u00f3  desarticular un\u00a0 grupo delincuencial denominado \u00abLos Caracoles\u00bb, que al parecer se dedicaba a la\u00a0distribuci\u00f3n de sustancias estupefacientes en peque\u00f1as cantidades.<\/p>\n\n\n\n<p>Las tres diligencias de registro y allanamiento se desarrollaron en el\u00a0corregimiento de Bonafont , donde se dio la captura de un hombre de 70 a\u00f1os conocido como\u00a0\u00abOctavio\u00bb, quien ser\u00eda el encargado de coordinar la venta de las drogas. Tambi\u00e9n se produjo la detenci\u00f3n de los alias \u00abLa Cilindra\u00bb\u00a0de 45 a\u00f1os,\u00a0 \u00abCilindro\u00bb\u00a0de 23 y \u00abJos\u00e9\u00bb 50, quien fue sorprendido en flagrancia.<\/p>\n\n\n\n<p>Igualmente se logr\u00f3 la incautaci\u00f3n de tres tel\u00e9fonos celulares, 300 gramos de marihuana, 92 dosis de bazuco, material de empaque y m\u00e1s de 3.250.000 pesos en efectivo; al parecer producto de la venta de los alucin\u00f3genos.<\/p>\n\n\n\n<p>Las cuatro personas arrestadas fueron presentadas ante la autoridad judicial competente para responder por los presuntos delitos de concierto para delinquir y tr\u00e1fico , fabricaci\u00f3n o porte de estupefacientes.<\/p>\n\n\n\n<figure class=\"wp-block-image size-large\"><img loading=\"lazy\" decoding=\"async\" width=\"1024\" height=\"592\" src=\"https:\/\/altovoltajeradio.com\/es\/wp-content\/uploads\/2022\/07\/borradores-4-D-6-1024x592.jpg\" alt=\"\" class=\"wp-image-452\" srcset=\"https:\/\/altovoltajeradio.com\/es\/wp-content\/uploads\/2022\/07\/borradores-4-D-6-1024x592.jpg 1024w, https:\/\/altovoltajeradio.com\/es\/wp-content\/uploads\/2022\/07\/borradores-4-D-6-300x174.jpg 300w, https:\/\/altovoltajeradio.com\/es\/wp-content\/uploads\/2022\/07\/borradores-4-D-6-768x444.jpg 768w, https:\/\/altovoltajeradio.com\/es\/wp-content\/uploads\/2022\/07\/borradores-4-D-6-635x367.jpg 635w, https:\/\/altovoltajeradio.com\/es\/wp-content\/uploads\/2022\/07\/borradores-4-D-6.jpg 1300w\" sizes=\"auto, (max-width: 1024px) 100vw, 1024px\" \/><\/figure>\n","protected":false},"excerpt":{"rendered":"<p>En operativos adelantados por la\u00a0Polic\u00eda Caldas\u00a0y la\u00a0Fiscal\u00eda General de la [&hellip;]<\/p>\n","protected":false},"author":2,"featured_media":452,"comment_status":"open","ping_status":"open","sticky":true,"template":"","format":"standard","meta":{"footnotes":""},"categories":[1,7],"tags":[],"class_list":["post-450","post","type-post","status-publish","format-standard","has-post-thumbnail","hentry","category-general","category-judicial"],"_links":{"self":[{"href":"https:\/\/altovoltajeradio.com\/es\/wp-json\/wp\/v2\/posts\/450","targetHints":{"allow":["GET"]}}],"collection":[{"href":"https:\/\/altovoltajeradio.com\/es\/wp-json\/wp\/v2\/posts"}],"about":[{"href":"https:\/\/altovoltajeradio.com\/es\/wp-json\/wp\/v2\/types\/post"}],"author":[{"embeddable":true,"href":"https:\/\/altovoltajeradio.com\/es\/wp-json\/wp\/v2\/users\/2"}],"replies":[{"embeddable":true,"href":"https:\/\/altovoltajeradio.com\/es\/wp-json\/wp\/v2\/comments?post=450"}],"version-history":[{"count":2,"href":"https:\/\/altovoltajeradio.com\/es\/wp-json\/wp\/v2\/posts\/450\/revisions"}],"predecessor-version":[{"id":454,"href":"https:\/\/altovoltajeradio.com\/es\/wp-json\/wp\/v2\/posts\/450\/revisions\/454"}],"wp:featuredmedia":[{"embeddable":true,"href":"https:\/\/altovoltajeradio.com\/es\/wp-json\/wp\/v2\/media\/452"}],"wp:attachment":[{"href":"https:\/\/altovoltajeradio.com\/es\/wp-json\/wp\/v2\/media?parent=450"}],"wp:term":[{"taxonomy":"category","embeddable":true,"href":"https:\/\/altovoltajeradio.com\/es\/wp-json\/wp\/v2\/categories?post=450"},{"taxonomy":"post_tag","embeddable":true,"href":"https:\/\/altovoltajeradio.com\/es\/wp-json\/wp\/v2\/tags?post=450"}],"curies":[{"name":"wp","href":"https:\/\/api.w.org\/{rel}","templated":true}]}}