{"id":478,"date":"2022-07-20T23:12:33","date_gmt":"2022-07-20T23:12:33","guid":{"rendered":"https:\/\/altovoltajeradio.com\/es\/?p=478"},"modified":"2022-07-20T23:12:33","modified_gmt":"2022-07-20T23:12:33","slug":"actos-protocolarios-y-ofrenda-floral-al-libertador-en-conmemoracion-de-dia-de-la-independencia-en-riosucio","status":"publish","type":"post","link":"https:\/\/altovoltajeradio.com\/es\/actos-protocolarios-y-ofrenda-floral-al-libertador-en-conmemoracion-de-dia-de-la-independencia-en-riosucio\/","title":{"rendered":"Actos protocolarios y ofrenda floral al Libertador en conmemoraci\u00f3n de D\u00eda de la Independencia en Riosucio"},"content":{"rendered":"\n<p>En la ma\u00f1ana de \u00e9ste mi\u00e9rcoles 20 de julio, las calles del\u00a0Eje Cafetero se engalanaron con el desfile policial y militar, el cual tendr\u00e1 lugar en Armenia durante la ma\u00f1ana, posteriormente se trasladar\u00e1 a las calles del \u00e1rea metropolitana de Pereira y terminar\u00e1 en la ciudad de Manizales.<\/p>\n\n\n\n<p>En Riosucio los ciudadanos celebraron como es tradicional este  20 de julio izando la bandera en sus edificaciones la bandera que nos hace sentir orgullosos de ser colombianos. \u00a0Las autoridades en el Departamento adem\u00e1s recordaron izar la bandera en cada uno de los municipios, el Gobernador de Caldas Luis Carlos Velasquez desde Neira manifest\u00f3 \u00abAlegr\u00eda, j\u00fabilo y cultura, en un mismo pa\u00eds. Hoy,20 de julio desde Neira , nos unimos al grito de la independencia de nuestra Patria\u00bb <\/p>\n\n\n\n<p>Los alcaldes a su vez hicieron un llamado a todos los ciudadanos para que este d\u00eda izaran la bandera en sus respectivos municipios en sus viviendas. <\/p>\n\n\n\n<p>En Riosucio, en la Plazoleta de banderas estuvieron las autoridades civiles y militares, luego de izar la bandera , interpretar las gloriosas notas del Himno Nacional y los himnos del municipio se dirigi\u00f3 a los asistentes, y los miembros de las Instituciones Educativas, Bomberos, Polic\u00eda Nacional, Defensa Civil y las Bandas musicales, Evelyn Melissa Ladino Barrera Alcaldesa encargada y en nombre de Marlon Tamayo Bustamante Alcalde Municipal , Riosucio tiene una larga tradici\u00f3n de libertad y de independencia mucho antes de su fundaci\u00f3n , los miembros de las comunidades ind\u00edgenas asentadas all\u00ed tejieron sus principios de convivencia y gestaron manifestaciones culturales que a\u00fan se perviven en la memoria colectiva de los riosuce\u00f1os pero fue con la llegada de los for\u00e1neos que conquistaron y trajeron nuevas din\u00e1micas sociales que hicieron que se introdujeran las bases de la esclavitud, miner\u00eda,  la agricultura durante la colonizaci\u00f3n que fueron modos de riqueza con los productos exportados a tierras europeas. Es ah\u00ed donde se produce el malestar social y da tambi\u00e9n para que se de el grito de la independencia y es precisamente el 20 de julio de 1810  un florero se convierte en el pretexto para la protesta  de las naciones quienes estaban sometidos a la opresi\u00f3n espa\u00f1ola y la falta de participaci\u00f3n en cargos p\u00fablicos. Esta fecha en la que queda inscrito en la creaci\u00f3n del Ejercito Colombiano por lo que se hace el llamado a la solidaridad con el Ejercito colombiano en su defensa del estado de derecho.<\/p>\n\n\n\n<p>Tambi\u00e9n sirvi\u00f3 el acto para reflexionar sobre el tema vivir en una poblaci\u00f3n segura, prospera y justa seg\u00fan lo que se escuch\u00f3 de la Alcaldesa encargada.<\/p>\n\n\n\n<p>Luego se llev\u00f3 la  ofrenda floral ante el busto que recuerda a la excelsa figura del Libertador Sim\u00f3n Bol\u00edvar en el centro del Parque de la Candelaria. <\/p>\n\n\n\n<figure class=\"wp-block-image size-full\"><img loading=\"lazy\" decoding=\"async\" width=\"416\" height=\"537\" src=\"https:\/\/altovoltajeradio.com\/es\/wp-content\/uploads\/2022\/07\/BORRAR-HOY-2.jpeg\" alt=\"\" class=\"wp-image-479\" srcset=\"https:\/\/altovoltajeradio.com\/es\/wp-content\/uploads\/2022\/07\/BORRAR-HOY-2.jpeg 416w, https:\/\/altovoltajeradio.com\/es\/wp-content\/uploads\/2022\/07\/BORRAR-HOY-2-232x300.jpeg 232w, https:\/\/altovoltajeradio.com\/es\/wp-content\/uploads\/2022\/07\/BORRAR-HOY-2-411x530.jpeg 411w\" sizes=\"auto, (max-width: 416px) 100vw, 416px\" \/><\/figure>\n","protected":false},"excerpt":{"rendered":"<p>En la ma\u00f1ana de \u00e9ste mi\u00e9rcoles 20 de julio, las [&hellip;]<\/p>\n","protected":false},"author":2,"featured_media":479,"comment_status":"open","ping_status":"open","sticky":true,"template":"","format":"standard","meta":{"footnotes":""},"categories":[8],"tags":[],"class_list":["post-478","post","type-post","status-publish","format-standard","has-post-thumbnail","hentry","category-locales"],"_links":{"self":[{"href":"https:\/\/altovoltajeradio.com\/es\/wp-json\/wp\/v2\/posts\/478","targetHints":{"allow":["GET"]}}],"collection":[{"href":"https:\/\/altovoltajeradio.com\/es\/wp-json\/wp\/v2\/posts"}],"about":[{"href":"https:\/\/altovoltajeradio.com\/es\/wp-json\/wp\/v2\/types\/post"}],"author":[{"embeddable":true,"href":"https:\/\/altovoltajeradio.com\/es\/wp-json\/wp\/v2\/users\/2"}],"replies":[{"embeddable":true,"href":"https:\/\/altovoltajeradio.com\/es\/wp-json\/wp\/v2\/comments?post=478"}],"version-history":[{"count":2,"href":"https:\/\/altovoltajeradio.com\/es\/wp-json\/wp\/v2\/posts\/478\/revisions"}],"predecessor-version":[{"id":481,"href":"https:\/\/altovoltajeradio.com\/es\/wp-json\/wp\/v2\/posts\/478\/revisions\/481"}],"wp:featuredmedia":[{"embeddable":true,"href":"https:\/\/altovoltajeradio.com\/es\/wp-json\/wp\/v2\/media\/479"}],"wp:attachment":[{"href":"https:\/\/altovoltajeradio.com\/es\/wp-json\/wp\/v2\/media?parent=478"}],"wp:term":[{"taxonomy":"category","embeddable":true,"href":"https:\/\/altovoltajeradio.com\/es\/wp-json\/wp\/v2\/categories?post=478"},{"taxonomy":"post_tag","embeddable":true,"href":"https:\/\/altovoltajeradio.com\/es\/wp-json\/wp\/v2\/tags?post=478"}],"curies":[{"name":"wp","href":"https:\/\/api.w.org\/{rel}","templated":true}]}}