{"id":489,"date":"2022-08-05T00:53:38","date_gmt":"2022-08-05T00:53:38","guid":{"rendered":"https:\/\/altovoltajeradio.com\/es\/?p=489"},"modified":"2022-08-05T00:53:38","modified_gmt":"2022-08-05T00:53:38","slug":"elegida-propuesta-de-la-efigie-del-diablo-del-carnaval","status":"publish","type":"post","link":"https:\/\/altovoltajeradio.com\/es\/elegida-propuesta-de-la-efigie-del-diablo-del-carnaval\/","title":{"rendered":"Elegida propuesta de la efigie del diablo del Carnaval"},"content":{"rendered":"\n<p>Efigie del diablo del carnaval de Riosucio, ya fue elegida la propuesta luego de la fallida convocatoria en la que solo se present\u00f3 un propuesta que no llen\u00f3 las expectativas t\u00e9cnicas lo que llev\u00f3 a la Junta del Carnaval a invitar a los artistas riosuce\u00f1os para que presentaran sus propuestas para lo cual Diego Jurado Guapacha present\u00f3 su propuesta la cual se ajusta a los conceptos que buscaba la Junta como son t\u00e9cnicas, de tradici\u00f3n, est\u00e9tica y creativas. La Junta del Carnaval anuncia con agrado la elecci\u00f3n de la efigie del diablo y estar\u00e1 haciendo el acompa\u00f1amiento para que no haya inconvenientes de \u00faltima hora o situaciones imprevistas.<\/p>\n\n\n\n<p>El anunci\u00f3 fue hecho por el Alcalde de la Junta del Carnaval Andr\u00e9s Felipe Garnert Trejos a trav\u00e9s de las redes sociales de la Corporaci\u00f3n.<\/p>\n\n\n\n<p>El proceso contractual con el artista seleccionado ya se adelant\u00f3 a cabalidad y se pact\u00f3 un<br>plazo de entrega para el 24 de diciembre de 2022. La Junta del Carnaval, a trav\u00e9s de la<br>presidenta y el alcalde, supervisar\u00e1n permanentemente el proceso de construcci\u00f3n de la efigie<br>y el cumplimiento estricto del cronograma.<\/p>\n\n\n\n<p>DIEGO JURADO es Dise\u00f1ador industrial y artista local.<\/p>\n\n\n\n<p>UN DATO CLAVE: <\/p>\n\n\n\n<p>El contrato celebrado con el dise\u00f1ador Diego Jurado Guapacha incluye tambi\u00e9n la construcci\u00f3n<br>de la r\u00e9plica a escala 1:20 que debe conservarse en el Museo del Carnaval.<\/p>\n\n\n\n<figure class=\"wp-block-image size-large\"><img loading=\"lazy\" decoding=\"async\" width=\"718\" height=\"1024\" src=\"https:\/\/altovoltajeradio.com\/es\/wp-content\/uploads\/2022\/08\/Foto-Diego-Jurado-718x1024.jpg\" alt=\"\" class=\"wp-image-490\" srcset=\"https:\/\/altovoltajeradio.com\/es\/wp-content\/uploads\/2022\/08\/Foto-Diego-Jurado-718x1024.jpg 718w, https:\/\/altovoltajeradio.com\/es\/wp-content\/uploads\/2022\/08\/Foto-Diego-Jurado-210x300.jpg 210w, https:\/\/altovoltajeradio.com\/es\/wp-content\/uploads\/2022\/08\/Foto-Diego-Jurado-768x1096.jpg 768w, https:\/\/altovoltajeradio.com\/es\/wp-content\/uploads\/2022\/08\/Foto-Diego-Jurado-1076x1536.jpg 1076w, https:\/\/altovoltajeradio.com\/es\/wp-content\/uploads\/2022\/08\/Foto-Diego-Jurado-1435x2048.jpg 1435w, https:\/\/altovoltajeradio.com\/es\/wp-content\/uploads\/2022\/08\/Foto-Diego-Jurado-371x530.jpg 371w, https:\/\/altovoltajeradio.com\/es\/wp-content\/uploads\/2022\/08\/Foto-Diego-Jurado.jpg 1684w\" sizes=\"auto, (max-width: 718px) 100vw, 718px\" \/><\/figure>\n","protected":false},"excerpt":{"rendered":"<p>Efigie del diablo del carnaval de Riosucio, ya fue elegida [&hellip;]<\/p>\n","protected":false},"author":2,"featured_media":490,"comment_status":"open","ping_status":"open","sticky":true,"template":"","format":"standard","meta":{"footnotes":""},"categories":[11],"tags":[],"class_list":["post-489","post","type-post","status-publish","format-standard","has-post-thumbnail","hentry","category-cultura"],"_links":{"self":[{"href":"https:\/\/altovoltajeradio.com\/es\/wp-json\/wp\/v2\/posts\/489","targetHints":{"allow":["GET"]}}],"collection":[{"href":"https:\/\/altovoltajeradio.com\/es\/wp-json\/wp\/v2\/posts"}],"about":[{"href":"https:\/\/altovoltajeradio.com\/es\/wp-json\/wp\/v2\/types\/post"}],"author":[{"embeddable":true,"href":"https:\/\/altovoltajeradio.com\/es\/wp-json\/wp\/v2\/users\/2"}],"replies":[{"embeddable":true,"href":"https:\/\/altovoltajeradio.com\/es\/wp-json\/wp\/v2\/comments?post=489"}],"version-history":[{"count":1,"href":"https:\/\/altovoltajeradio.com\/es\/wp-json\/wp\/v2\/posts\/489\/revisions"}],"predecessor-version":[{"id":491,"href":"https:\/\/altovoltajeradio.com\/es\/wp-json\/wp\/v2\/posts\/489\/revisions\/491"}],"wp:featuredmedia":[{"embeddable":true,"href":"https:\/\/altovoltajeradio.com\/es\/wp-json\/wp\/v2\/media\/490"}],"wp:attachment":[{"href":"https:\/\/altovoltajeradio.com\/es\/wp-json\/wp\/v2\/media?parent=489"}],"wp:term":[{"taxonomy":"category","embeddable":true,"href":"https:\/\/altovoltajeradio.com\/es\/wp-json\/wp\/v2\/categories?post=489"},{"taxonomy":"post_tag","embeddable":true,"href":"https:\/\/altovoltajeradio.com\/es\/wp-json\/wp\/v2\/tags?post=489"}],"curies":[{"name":"wp","href":"https:\/\/api.w.org\/{rel}","templated":true}]}}