{"id":492,"date":"2022-08-09T03:39:55","date_gmt":"2022-08-09T03:39:55","guid":{"rendered":"https:\/\/altovoltajeradio.com\/es\/?p=492"},"modified":"2022-08-09T03:39:55","modified_gmt":"2022-08-09T03:39:55","slug":"calamidad-publica-en-marmato-por-fuertes-lluvias","status":"publish","type":"post","link":"https:\/\/altovoltajeradio.com\/es\/calamidad-publica-en-marmato-por-fuertes-lluvias\/","title":{"rendered":"Calamidad p\u00fablica en Marmato por fuertes lluvias"},"content":{"rendered":"\n<p> Se declar\u00f3 en las \u00faltimas horas la calamidad p\u00fablica en el Municipio de Marmato en el Alto Occidente de Caldas, por las fuertes lluvias que azotan la regi\u00f3n, los constantes derrumbes y el aumento del caudal de las fuentes h\u00eddricas aleda\u00f1as a esa localidad<strong> ;<\/strong>\u00a0esto mantiene en alerta a los organismos de socorro que permanecen en alistamiento ante las emergencias que se puedan presentar.<\/p>\n\n\n\n<p>Jos\u00e9 Hernando Gallego, comandante de Bomberos del Municipio, indic\u00f3 que la amenaza por deslizamientos se presenta en la zona de San Juan, Jim\u00e9nez Alto , Echand\u00eda<strong>,<\/strong>\u00a0la quebrada Pantanos y la quebrada Cascabel; entre otras \u00e1reas que contin\u00faan en evaluaci\u00f3n y adem\u00e1s de v\u00edas de conexi\u00f3n con \u00e1reas rurales alejadas.<\/p>\n\n\n\n<p>Gallego informo que actualmente se encuentran 50 familias en riesgo, por lo que es imperante realizar la evacuaci\u00f3n de las mismas<strong>.<\/strong>\u00a0Sin embargo, advirti\u00f3 que en el momento no cuentan con un espacio para establecer un albergue temporal, por lo que mantienen vigilancia en el sector.<\/p>\n\n\n\n<figure class=\"wp-block-image size-large\"><img loading=\"lazy\" decoding=\"async\" width=\"1024\" height=\"593\" src=\"https:\/\/altovoltajeradio.com\/es\/wp-content\/uploads\/2022\/08\/borradores-4-C-1024x593.jpg\" alt=\"\" class=\"wp-image-493\" srcset=\"https:\/\/altovoltajeradio.com\/es\/wp-content\/uploads\/2022\/08\/borradores-4-C-1024x593.jpg 1024w, https:\/\/altovoltajeradio.com\/es\/wp-content\/uploads\/2022\/08\/borradores-4-C-300x174.jpg 300w, https:\/\/altovoltajeradio.com\/es\/wp-content\/uploads\/2022\/08\/borradores-4-C-768x444.jpg 768w, https:\/\/altovoltajeradio.com\/es\/wp-content\/uploads\/2022\/08\/borradores-4-C-635x367.jpg 635w, https:\/\/altovoltajeradio.com\/es\/wp-content\/uploads\/2022\/08\/borradores-4-C.jpg 1080w\" sizes=\"auto, (max-width: 1024px) 100vw, 1024px\" \/><\/figure>\n","protected":false},"excerpt":{"rendered":"<p>Se declar\u00f3 en las \u00faltimas horas la calamidad p\u00fablica en [&hellip;]<\/p>\n","protected":false},"author":2,"featured_media":493,"comment_status":"open","ping_status":"open","sticky":true,"template":"","format":"standard","meta":{"footnotes":""},"categories":[12],"tags":[],"class_list":["post-492","post","type-post","status-publish","format-standard","has-post-thumbnail","hentry","category-regional"],"_links":{"self":[{"href":"https:\/\/altovoltajeradio.com\/es\/wp-json\/wp\/v2\/posts\/492","targetHints":{"allow":["GET"]}}],"collection":[{"href":"https:\/\/altovoltajeradio.com\/es\/wp-json\/wp\/v2\/posts"}],"about":[{"href":"https:\/\/altovoltajeradio.com\/es\/wp-json\/wp\/v2\/types\/post"}],"author":[{"embeddable":true,"href":"https:\/\/altovoltajeradio.com\/es\/wp-json\/wp\/v2\/users\/2"}],"replies":[{"embeddable":true,"href":"https:\/\/altovoltajeradio.com\/es\/wp-json\/wp\/v2\/comments?post=492"}],"version-history":[{"count":1,"href":"https:\/\/altovoltajeradio.com\/es\/wp-json\/wp\/v2\/posts\/492\/revisions"}],"predecessor-version":[{"id":494,"href":"https:\/\/altovoltajeradio.com\/es\/wp-json\/wp\/v2\/posts\/492\/revisions\/494"}],"wp:featuredmedia":[{"embeddable":true,"href":"https:\/\/altovoltajeradio.com\/es\/wp-json\/wp\/v2\/media\/493"}],"wp:attachment":[{"href":"https:\/\/altovoltajeradio.com\/es\/wp-json\/wp\/v2\/media?parent=492"}],"wp:term":[{"taxonomy":"category","embeddable":true,"href":"https:\/\/altovoltajeradio.com\/es\/wp-json\/wp\/v2\/categories?post=492"},{"taxonomy":"post_tag","embeddable":true,"href":"https:\/\/altovoltajeradio.com\/es\/wp-json\/wp\/v2\/tags?post=492"}],"curies":[{"name":"wp","href":"https:\/\/api.w.org\/{rel}","templated":true}]}}