{"id":495,"date":"2022-08-12T02:00:27","date_gmt":"2022-08-12T02:00:27","guid":{"rendered":"https:\/\/altovoltajeradio.com\/es\/?p=495"},"modified":"2022-08-12T02:00:27","modified_gmt":"2022-08-12T02:00:27","slug":"alcaldes-de-villamaria-la-merced-y-aguadas-en-la-lista-de-capturados-por-caso-de-las-marionetas","status":"publish","type":"post","link":"https:\/\/altovoltajeradio.com\/es\/alcaldes-de-villamaria-la-merced-y-aguadas-en-la-lista-de-capturados-por-caso-de-las-marionetas\/","title":{"rendered":"Alcaldes de Villamar\u00eda, La Merced y Aguadas en la lista de capturados por caso de \u00abLas Marionetas\u00bb"},"content":{"rendered":"\n<p><strong>Los mandatarios de La Merced,  Aguadas<\/strong> y Villamar\u00eda , Jhonatan V\u00e1squez ,  Diego Fernando Gonz\u00e1lez  y Andr\u00e9s Aristiz\u00e1bal Parra respectivamente quienes seg\u00fan las investigaciones de la\u00a0<strong>Fiscal\u00eda General de la Naci\u00f3n<\/strong>\u00a0al parecer tienen v\u00ednculos con el\u00a0 caso conocido como \u00abLas Marionetas\u00bb. <\/p>\n\n\n\n<p>Tambi\u00e9n se dice que estar\u00edan vinculados a este proceso funcionarios de otras alcald\u00edas como la de Quibd\u00f3 (Choc\u00f3) y de Risaralda, Salamina, Saman\u00e1, San Jos\u00e9 en Caldas. <\/p>\n\n\n\n<p>Se dice que el grupo delincuencial liderado por Mario Alberto Casta\u00f1o Per\u00e9z se interes\u00f3 indebidamente en al menos 15 contratos y 39 operaciones contractuales, lo que denota la vocaci\u00f3n del Grupo Delincuencial Organizado de realizar conductas contra la administraci\u00f3n p\u00fablica, en especial contra la moralidad y transparencia en la contrataci\u00f3n estatal. <\/p>\n\n\n\n<p>A la lista de caputarados por parte del CTI de la Fiscal\u00eda este jueves 11 de agosto se suman los nombres de  Gloria Stella Raigoza, Alcaldesa de Alcal\u00e1, Tonal Villegas, mandatario de Su\u00e1rez (Cauca) y Medrado Ortega Fonseca de Armero Guayabal y los contratistas Olga Botero de Aguadas y el ingeniero Cristian tambi\u00e9n de este Municipio.<\/p>\n\n\n\n<p>Entre tanto el senador liberal, oriundo de P\u00e1cora , Mario Casta\u00f1o sigue detenido en la c\u00e1rcel La Picota de Bogot\u00e1 por orden de La Corte Suprema de Justicia.<\/p>\n\n\n\n<p>LA CIFRA: 16 son los funcionarios que est\u00e1n privados de la libertad en medio de esta investigaci\u00f3n que adelanta La Fiscal\u00eda General de La Naci\u00f3n.<\/p>\n\n\n\n<figure class=\"wp-block-image size-full is-resized\"><img loading=\"lazy\" decoding=\"async\" src=\"https:\/\/altovoltajeradio.com\/es\/wp-content\/uploads\/2022\/08\/borradores-4-C-1.jpg\" alt=\"\" class=\"wp-image-496\" width=\"859\" height=\"566\" srcset=\"https:\/\/altovoltajeradio.com\/es\/wp-content\/uploads\/2022\/08\/borradores-4-C-1.jpg 620w, https:\/\/altovoltajeradio.com\/es\/wp-content\/uploads\/2022\/08\/borradores-4-C-1-300x198.jpg 300w\" sizes=\"auto, (max-width: 859px) 100vw, 859px\" \/><\/figure>\n\n\n<ul class=\"wp-block-archives-list wp-block-archives\">\t<li><a href='https:\/\/altovoltajeradio.com\/es\/2025\/03\/'>marzo 2025<\/a><\/li>\n\t<li><a href='https:\/\/altovoltajeradio.com\/es\/2025\/02\/'>febrero 2025<\/a><\/li>\n\t<li><a href='https:\/\/altovoltajeradio.com\/es\/2025\/01\/'>enero 2025<\/a><\/li>\n\t<li><a href='https:\/\/altovoltajeradio.com\/es\/2024\/12\/'>diciembre 2024<\/a><\/li>\n\t<li><a href='https:\/\/altovoltajeradio.com\/es\/2024\/11\/'>noviembre 2024<\/a><\/li>\n\t<li><a href='https:\/\/altovoltajeradio.com\/es\/2024\/10\/'>octubre 2024<\/a><\/li>\n\t<li><a href='https:\/\/altovoltajeradio.com\/es\/2024\/09\/'>septiembre 2024<\/a><\/li>\n\t<li><a href='https:\/\/altovoltajeradio.com\/es\/2024\/08\/'>agosto 2024<\/a><\/li>\n\t<li><a href='https:\/\/altovoltajeradio.com\/es\/2024\/07\/'>julio 2024<\/a><\/li>\n\t<li><a href='https:\/\/altovoltajeradio.com\/es\/2024\/06\/'>junio 2024<\/a><\/li>\n\t<li><a href='https:\/\/altovoltajeradio.com\/es\/2024\/05\/'>mayo 2024<\/a><\/li>\n\t<li><a href='https:\/\/altovoltajeradio.com\/es\/2022\/12\/'>diciembre 2022<\/a><\/li>\n\t<li><a href='https:\/\/altovoltajeradio.com\/es\/2022\/10\/'>octubre 2022<\/a><\/li>\n\t<li><a href='https:\/\/altovoltajeradio.com\/es\/2022\/09\/'>septiembre 2022<\/a><\/li>\n\t<li><a href='https:\/\/altovoltajeradio.com\/es\/2022\/08\/'>agosto 2022<\/a><\/li>\n\t<li><a href='https:\/\/altovoltajeradio.com\/es\/2022\/07\/'>julio 2022<\/a><\/li>\n\t<li><a href='https:\/\/altovoltajeradio.com\/es\/2022\/06\/'>junio 2022<\/a><\/li>\n\t<li><a href='https:\/\/altovoltajeradio.com\/es\/2022\/05\/'>mayo 2022<\/a><\/li>\n\t<li><a href='https:\/\/altovoltajeradio.com\/es\/2022\/04\/'>abril 2022<\/a><\/li>\n\t<li><a href='https:\/\/altovoltajeradio.com\/es\/2022\/03\/'>marzo 2022<\/a><\/li>\n<\/ul>\n\n\n<p><\/p>\n","protected":false},"excerpt":{"rendered":"<p>Los mandatarios de La Merced, Aguadas y Villamar\u00eda , Jhonatan [&hellip;]<\/p>\n","protected":false},"author":2,"featured_media":496,"comment_status":"open","ping_status":"open","sticky":true,"template":"","format":"standard","meta":{"footnotes":""},"categories":[6],"tags":[],"class_list":["post-495","post","type-post","status-publish","format-standard","has-post-thumbnail","hentry","category-sucesos"],"_links":{"self":[{"href":"https:\/\/altovoltajeradio.com\/es\/wp-json\/wp\/v2\/posts\/495","targetHints":{"allow":["GET"]}}],"collection":[{"href":"https:\/\/altovoltajeradio.com\/es\/wp-json\/wp\/v2\/posts"}],"about":[{"href":"https:\/\/altovoltajeradio.com\/es\/wp-json\/wp\/v2\/types\/post"}],"author":[{"embeddable":true,"href":"https:\/\/altovoltajeradio.com\/es\/wp-json\/wp\/v2\/users\/2"}],"replies":[{"embeddable":true,"href":"https:\/\/altovoltajeradio.com\/es\/wp-json\/wp\/v2\/comments?post=495"}],"version-history":[{"count":1,"href":"https:\/\/altovoltajeradio.com\/es\/wp-json\/wp\/v2\/posts\/495\/revisions"}],"predecessor-version":[{"id":497,"href":"https:\/\/altovoltajeradio.com\/es\/wp-json\/wp\/v2\/posts\/495\/revisions\/497"}],"wp:featuredmedia":[{"embeddable":true,"href":"https:\/\/altovoltajeradio.com\/es\/wp-json\/wp\/v2\/media\/496"}],"wp:attachment":[{"href":"https:\/\/altovoltajeradio.com\/es\/wp-json\/wp\/v2\/media?parent=495"}],"wp:term":[{"taxonomy":"category","embeddable":true,"href":"https:\/\/altovoltajeradio.com\/es\/wp-json\/wp\/v2\/categories?post=495"},{"taxonomy":"post_tag","embeddable":true,"href":"https:\/\/altovoltajeradio.com\/es\/wp-json\/wp\/v2\/tags?post=495"}],"curies":[{"name":"wp","href":"https:\/\/api.w.org\/{rel}","templated":true}]}}