{"id":508,"date":"2022-08-24T04:27:05","date_gmt":"2022-08-24T04:27:05","guid":{"rendered":"https:\/\/altovoltajeradio.com\/es\/?p=508"},"modified":"2022-08-24T04:27:05","modified_gmt":"2022-08-24T04:27:05","slug":"en-riosucio-judicializados-hermanos-que-al-parecer-por-anos-golpeaban-a-su-progenitor-y-demas-hermanos","status":"publish","type":"post","link":"https:\/\/altovoltajeradio.com\/es\/en-riosucio-judicializados-hermanos-que-al-parecer-por-anos-golpeaban-a-su-progenitor-y-demas-hermanos\/","title":{"rendered":"En Riosucio judicializados hermanos que al parecer por a\u00f1os golpeaban a su progenitor y dem\u00e1s hermanos"},"content":{"rendered":"\n<p>Los hermanos David Danilo y Jhon James Garz\u00f3n Trejos fueron capturados en Riosucio , por funcionarios del Cuerpo T\u00e9cnico de Investigaci\u00f3n (CTI) de la Fiscal\u00eda, para que respondan por el delito de violencia intrafamiliar que le imput\u00f3 una fiscal de este Municipio, tras ser se\u00f1alados de constantes maltratos f\u00edsicos y psicol\u00f3gicos contra su padre y sus hermanos.<\/p>\n\n\n\n<figure class=\"wp-block-image size-full\"><img loading=\"lazy\" decoding=\"async\" width=\"940\" height=\"788\" src=\"https:\/\/altovoltajeradio.com\/es\/wp-content\/uploads\/2022\/08\/Azul-Negro-Blanco-Circulo-Cielo-Estrellado-Cita-Invierno-Facebook-Publicacion.jpg\" alt=\"\" class=\"wp-image-509\" srcset=\"https:\/\/altovoltajeradio.com\/es\/wp-content\/uploads\/2022\/08\/Azul-Negro-Blanco-Circulo-Cielo-Estrellado-Cita-Invierno-Facebook-Publicacion.jpg 940w, https:\/\/altovoltajeradio.com\/es\/wp-content\/uploads\/2022\/08\/Azul-Negro-Blanco-Circulo-Cielo-Estrellado-Cita-Invierno-Facebook-Publicacion-300x251.jpg 300w, https:\/\/altovoltajeradio.com\/es\/wp-content\/uploads\/2022\/08\/Azul-Negro-Blanco-Circulo-Cielo-Estrellado-Cita-Invierno-Facebook-Publicacion-768x644.jpg 768w, https:\/\/altovoltajeradio.com\/es\/wp-content\/uploads\/2022\/08\/Azul-Negro-Blanco-Circulo-Cielo-Estrellado-Cita-Invierno-Facebook-Publicacion-632x530.jpg 632w\" sizes=\"auto, (max-width: 940px) 100vw, 940px\" \/><\/figure>\n\n\n\n<p>Las entrevistas a testigos y declaraciones juradas fueron fundamentales, para lograr que un juez de control de garant\u00edas avalara la solicitud del ente acusador y los cobijara con medida de aseguramiento intramuros.<\/p>\n\n\n\n<p>Las v\u00edctimas, dos hermanos, declararon que, al parecer, desde hace 12 a\u00f1os se han presentado las violencias contra ellos y su progenitor, pero que los \u00faltimos 2 \u00f3 3 a\u00f1os se han agravado, ya que, presuntamente, se tornan m\u00e1s violentos. Al parecer esta pareja de hermanos son tambi\u00e9n consumidores.<\/p>\n\n\n\n<p>Aseguraron que no sienten consideraci\u00f3n con su padre, al punto de insultarlo y someterlo a presiones psicol\u00f3gicas constantes. La Comisaria de Familia orden\u00f3 un desalojo a los hermanos, pero al d\u00eda siguiente regresaron y con amenazas obligaron a su padre a recibirlos, y adem\u00e1s le advirtieron que se atuviera a las consecuencias de volverlos a denunciar.<\/p>\n\n\n\n<p>El progenitor de los detenidos, seg\u00fan las versiones, trabaja como camionero en otras ciudades, ya que prefiere estar alejado por los constantes maltratos de sus hijos.<\/p>\n\n\n\n<p>Los hermanos v\u00edctimas, dan cuenta que contra ellos hay insultos permanentes y agresiones f\u00edsicas. Al parecer algunas veces los han herido con armas blancas.<\/p>\n\n\n\n<p>De acuerdo con lo que se dio a conocer en las audiencias, el ente acusador manifest\u00f3, que los hermanos Garz\u00f3n Trejos, son perjudiciales para la comunidad, ya que tienen 7 denuncias por lesiones personales, 20 comparendos por la polic\u00eda por el uso de armas blanca, arma contundente y esc\u00e1ndalo p\u00fablico.<\/p>\n","protected":false},"excerpt":{"rendered":"<p>Los hermanos David Danilo y Jhon James Garz\u00f3n Trejos fueron [&hellip;]<\/p>\n","protected":false},"author":2,"featured_media":509,"comment_status":"open","ping_status":"open","sticky":true,"template":"","format":"standard","meta":{"footnotes":""},"categories":[7],"tags":[],"class_list":["post-508","post","type-post","status-publish","format-standard","has-post-thumbnail","hentry","category-judicial"],"_links":{"self":[{"href":"https:\/\/altovoltajeradio.com\/es\/wp-json\/wp\/v2\/posts\/508","targetHints":{"allow":["GET"]}}],"collection":[{"href":"https:\/\/altovoltajeradio.com\/es\/wp-json\/wp\/v2\/posts"}],"about":[{"href":"https:\/\/altovoltajeradio.com\/es\/wp-json\/wp\/v2\/types\/post"}],"author":[{"embeddable":true,"href":"https:\/\/altovoltajeradio.com\/es\/wp-json\/wp\/v2\/users\/2"}],"replies":[{"embeddable":true,"href":"https:\/\/altovoltajeradio.com\/es\/wp-json\/wp\/v2\/comments?post=508"}],"version-history":[{"count":1,"href":"https:\/\/altovoltajeradio.com\/es\/wp-json\/wp\/v2\/posts\/508\/revisions"}],"predecessor-version":[{"id":510,"href":"https:\/\/altovoltajeradio.com\/es\/wp-json\/wp\/v2\/posts\/508\/revisions\/510"}],"wp:featuredmedia":[{"embeddable":true,"href":"https:\/\/altovoltajeradio.com\/es\/wp-json\/wp\/v2\/media\/509"}],"wp:attachment":[{"href":"https:\/\/altovoltajeradio.com\/es\/wp-json\/wp\/v2\/media?parent=508"}],"wp:term":[{"taxonomy":"category","embeddable":true,"href":"https:\/\/altovoltajeradio.com\/es\/wp-json\/wp\/v2\/categories?post=508"},{"taxonomy":"post_tag","embeddable":true,"href":"https:\/\/altovoltajeradio.com\/es\/wp-json\/wp\/v2\/tags?post=508"}],"curies":[{"name":"wp","href":"https:\/\/api.w.org\/{rel}","templated":true}]}}