{"id":514,"date":"2022-08-29T20:39:06","date_gmt":"2022-08-29T20:39:06","guid":{"rendered":"https:\/\/altovoltajeradio.com\/es\/?p=514"},"modified":"2022-08-29T20:39:06","modified_gmt":"2022-08-29T20:39:06","slug":"manifestantes-bloquean-la-via-la-quebrada-de-marmato","status":"publish","type":"post","link":"https:\/\/altovoltajeradio.com\/es\/manifestantes-bloquean-la-via-la-quebrada-de-marmato\/","title":{"rendered":"Manifestantes bloquean la v\u00eda La Quebrada de Marmato"},"content":{"rendered":"\n<p>La comunidad del sector la Quebrada del Llano Marmato mantienen a esta hora bloqueada la v\u00eda como forma de protesta por la falta de atenci\u00f3n de las autoridades competentes frente a las afectaciones por la ola invernal y piden canalizar las aguas y los est\u00e9ril de la miner\u00eda de la parte de Marmato. A esta hora exigen la presencia del Alcalde,<\/p>\n\n\n\n<figure class=\"wp-block-image size-large\"><img loading=\"lazy\" decoding=\"async\" width=\"1024\" height=\"771\" src=\"https:\/\/altovoltajeradio.com\/es\/wp-content\/uploads\/2022\/08\/301014385_769410660965677_2852806888035401899_n-1024x771.jpg\" alt=\"\" class=\"wp-image-515\" srcset=\"https:\/\/altovoltajeradio.com\/es\/wp-content\/uploads\/2022\/08\/301014385_769410660965677_2852806888035401899_n-1024x771.jpg 1024w, https:\/\/altovoltajeradio.com\/es\/wp-content\/uploads\/2022\/08\/301014385_769410660965677_2852806888035401899_n-300x226.jpg 300w, https:\/\/altovoltajeradio.com\/es\/wp-content\/uploads\/2022\/08\/301014385_769410660965677_2852806888035401899_n-768x578.jpg 768w, https:\/\/altovoltajeradio.com\/es\/wp-content\/uploads\/2022\/08\/301014385_769410660965677_2852806888035401899_n-1536x1157.jpg 1536w, https:\/\/altovoltajeradio.com\/es\/wp-content\/uploads\/2022\/08\/301014385_769410660965677_2852806888035401899_n-635x478.jpg 635w, https:\/\/altovoltajeradio.com\/es\/wp-content\/uploads\/2022\/08\/301014385_769410660965677_2852806888035401899_n.jpg 2040w\" sizes=\"auto, (max-width: 1024px) 100vw, 1024px\" \/><\/figure>\n","protected":false},"excerpt":{"rendered":"<p>La comunidad del sector la Quebrada del Llano Marmato mantienen [&hellip;]<\/p>\n","protected":false},"author":2,"featured_media":515,"comment_status":"open","ping_status":"open","sticky":true,"template":"","format":"standard","meta":{"footnotes":""},"categories":[12],"tags":[],"class_list":["post-514","post","type-post","status-publish","format-standard","has-post-thumbnail","hentry","category-regional"],"_links":{"self":[{"href":"https:\/\/altovoltajeradio.com\/es\/wp-json\/wp\/v2\/posts\/514","targetHints":{"allow":["GET"]}}],"collection":[{"href":"https:\/\/altovoltajeradio.com\/es\/wp-json\/wp\/v2\/posts"}],"about":[{"href":"https:\/\/altovoltajeradio.com\/es\/wp-json\/wp\/v2\/types\/post"}],"author":[{"embeddable":true,"href":"https:\/\/altovoltajeradio.com\/es\/wp-json\/wp\/v2\/users\/2"}],"replies":[{"embeddable":true,"href":"https:\/\/altovoltajeradio.com\/es\/wp-json\/wp\/v2\/comments?post=514"}],"version-history":[{"count":1,"href":"https:\/\/altovoltajeradio.com\/es\/wp-json\/wp\/v2\/posts\/514\/revisions"}],"predecessor-version":[{"id":516,"href":"https:\/\/altovoltajeradio.com\/es\/wp-json\/wp\/v2\/posts\/514\/revisions\/516"}],"wp:featuredmedia":[{"embeddable":true,"href":"https:\/\/altovoltajeradio.com\/es\/wp-json\/wp\/v2\/media\/515"}],"wp:attachment":[{"href":"https:\/\/altovoltajeradio.com\/es\/wp-json\/wp\/v2\/media?parent=514"}],"wp:term":[{"taxonomy":"category","embeddable":true,"href":"https:\/\/altovoltajeradio.com\/es\/wp-json\/wp\/v2\/categories?post=514"},{"taxonomy":"post_tag","embeddable":true,"href":"https:\/\/altovoltajeradio.com\/es\/wp-json\/wp\/v2\/tags?post=514"}],"curies":[{"name":"wp","href":"https:\/\/api.w.org\/{rel}","templated":true}]}}