{"id":540,"date":"2022-09-05T16:04:57","date_gmt":"2022-09-05T16:04:57","guid":{"rendered":"https:\/\/altovoltajeradio.com\/es\/?p=540"},"modified":"2022-09-05T16:04:57","modified_gmt":"2022-09-05T16:04:57","slug":"cafeteros-eligen-a-sus-representantes-20-mil-122-cafeteros-aptos-para-votar-en-caldas","status":"publish","type":"post","link":"https:\/\/altovoltajeradio.com\/es\/cafeteros-eligen-a-sus-representantes-20-mil-122-cafeteros-aptos-para-votar-en-caldas\/","title":{"rendered":"Cafeteros eligen a sus representantes. 20 mil 122 cafeteros, aptos para votar en Caldas"},"content":{"rendered":"\n<p>20 mil 122 cafeteros, aptos para votar en Caldas. <\/p>\n\n\n\n<p> 20 mil 122 caficultores federados o cedulados. Este es el n\u00famero de productores que hoy es apto en Caldas y que podr\u00e1 hacer parte de las elecciones cafeteras que se realizar\u00e1n en Colombia entre el 10 y 11 de septiembre, un d\u00eda por regi\u00f3n, seg\u00fan lo escoja cada departamento. En Caldas ser\u00e1n el s\u00e1bado 10.<\/p>\n\n\n\n<p>Para los agricultores esta es una actividad especial en la que se elegir\u00e1n, en el caso de Caldas los 288, representantes de los 24 comit\u00e9s municipales, incluyendo principales y suplentes, y los 12 del Comit\u00e9 Departamental, que adem\u00e1s ser\u00e1n representantes al Congreso Nacional.<\/p>\n\n\n\n<p>La cifra de sufragantes en el departamento este a\u00f1o ser\u00e1 menor a la del 2018, cuando el censo electoral report\u00f3 22 mil 291 cafeteros aptos. Sin embargo, la meta es mantener el mismo porcentaje de votaci\u00f3n al de hace cuatro a\u00f1os, cuando se acercaron a las urnas el 74,4% de los productores, con lo que Caldas se consolid\u00f3 como la regi\u00f3n del pa\u00eds con mayor votaci\u00f3n en las elecciones cafeteras, superando incluso el promedio nacional, que fue del 57%.<br>Nuevos comit\u00e9s<\/p>\n\n\n\n<p>Carlos Armando Uribe Fandi\u00f1o, director de Asuntos Gremiales de la Federaci\u00f3n de Cafeteros, resalt\u00f3 que esta se convierte en una meta retadora e importante para toda Colombia, pues se demuestra que se tiene una estructura organizada, adem\u00e1s del compromiso de todos los cafeteros para participar a esta jornada electoral.<\/p>\n\n\n\n<p>En Colombia se elegir\u00e1n los representantes de 387 comit\u00e9s municipales y 15 departamentales, contando cuatro nuevos que se constituir\u00edan, incluyendo uno en el Cauca, en el municipio de Totor\u00f3, al cumplir la condici\u00f3n de reunir alrededor de 400 cafeteros cedulados y producir unas 60 mil arrobas de caf\u00e9. En el sur de Bol\u00edvar tambi\u00e9n se incluy\u00f3 Santa Rosa del Sur; uno m\u00e1s en Florencia Caquet\u00e1 y otro m\u00e1s en Lejan\u00edas (Meta).<\/p>\n\n\n\n<p>Seg\u00fan Uribe Fandi\u00f1o, la meta este a\u00f1o es que participen unos 362 mil productores, seg\u00fan el censo electoral que se tiene hasta hoy, aunque hay que esperar los \u00faltimos resultados de las nuevas c\u00e9dulas cafeteras que se expidieron. Hace cuatro a\u00f1os ese potencial fue de 358 mil 208 productores, cerca del 64% del potencial cafetero.<\/p>\n\n\n\n<p><strong>DATOS PARA TENER EN CUENTA:<\/strong> El 19 agosto fue la fecha l\u00edmite de inscripciones para votar en un lugar diferente al sitio de expedici\u00f3n de la c\u00e9dula cafetera. Fecha l\u00edmite de inscripci\u00f3n para votar por poder.<\/p>\n\n\n\n<p>Los d\u00edas 10 y 11 de septiembre votaciones presenciales con tarjet\u00f3n.<\/p>\n\n\n\n<p>1 de noviembre, posesi\u00f3n de los representantes gremiales.<\/p>\n\n\n\n<figure class=\"wp-block-image size-large\"><img loading=\"lazy\" decoding=\"async\" width=\"1024\" height=\"768\" src=\"https:\/\/altovoltajeradio.com\/es\/wp-content\/uploads\/2022\/09\/BORRADORES-HOY-1024x768.jpeg\" alt=\"\" class=\"wp-image-542\" srcset=\"https:\/\/altovoltajeradio.com\/es\/wp-content\/uploads\/2022\/09\/BORRADORES-HOY-1024x768.jpeg 1024w, https:\/\/altovoltajeradio.com\/es\/wp-content\/uploads\/2022\/09\/BORRADORES-HOY-300x225.jpeg 300w, https:\/\/altovoltajeradio.com\/es\/wp-content\/uploads\/2022\/09\/BORRADORES-HOY-768x576.jpeg 768w, https:\/\/altovoltajeradio.com\/es\/wp-content\/uploads\/2022\/09\/BORRADORES-HOY-635x476.jpeg 635w, https:\/\/altovoltajeradio.com\/es\/wp-content\/uploads\/2022\/09\/BORRADORES-HOY.jpeg 1152w\" sizes=\"auto, (max-width: 1024px) 100vw, 1024px\" \/><\/figure>\n\n\n\n<p><\/p>\n","protected":false},"excerpt":{"rendered":"<p>20 mil 122 cafeteros, aptos para votar en Caldas. 20 [&hellip;]<\/p>\n","protected":false},"author":2,"featured_media":542,"comment_status":"open","ping_status":"open","sticky":true,"template":"","format":"standard","meta":{"footnotes":""},"categories":[17],"tags":[],"class_list":["post-540","post","type-post","status-publish","format-standard","has-post-thumbnail","hentry","category-el-campo"],"_links":{"self":[{"href":"https:\/\/altovoltajeradio.com\/es\/wp-json\/wp\/v2\/posts\/540","targetHints":{"allow":["GET"]}}],"collection":[{"href":"https:\/\/altovoltajeradio.com\/es\/wp-json\/wp\/v2\/posts"}],"about":[{"href":"https:\/\/altovoltajeradio.com\/es\/wp-json\/wp\/v2\/types\/post"}],"author":[{"embeddable":true,"href":"https:\/\/altovoltajeradio.com\/es\/wp-json\/wp\/v2\/users\/2"}],"replies":[{"embeddable":true,"href":"https:\/\/altovoltajeradio.com\/es\/wp-json\/wp\/v2\/comments?post=540"}],"version-history":[{"count":1,"href":"https:\/\/altovoltajeradio.com\/es\/wp-json\/wp\/v2\/posts\/540\/revisions"}],"predecessor-version":[{"id":543,"href":"https:\/\/altovoltajeradio.com\/es\/wp-json\/wp\/v2\/posts\/540\/revisions\/543"}],"wp:featuredmedia":[{"embeddable":true,"href":"https:\/\/altovoltajeradio.com\/es\/wp-json\/wp\/v2\/media\/542"}],"wp:attachment":[{"href":"https:\/\/altovoltajeradio.com\/es\/wp-json\/wp\/v2\/media?parent=540"}],"wp:term":[{"taxonomy":"category","embeddable":true,"href":"https:\/\/altovoltajeradio.com\/es\/wp-json\/wp\/v2\/categories?post=540"},{"taxonomy":"post_tag","embeddable":true,"href":"https:\/\/altovoltajeradio.com\/es\/wp-json\/wp\/v2\/tags?post=540"}],"curies":[{"name":"wp","href":"https:\/\/api.w.org\/{rel}","templated":true}]}}