{"id":55,"date":"2022-03-18T15:00:27","date_gmt":"2022-03-18T15:00:27","guid":{"rendered":"https:\/\/altovoltajeradio.com\/es\/?p=55"},"modified":"2022-03-18T15:00:27","modified_gmt":"2022-03-18T15:00:27","slug":"las-uci-en-caldas-en-su-mayoria-ocupadas-por-otras-enfermedades-diferentes-al-covid-19","status":"publish","type":"post","link":"https:\/\/altovoltajeradio.com\/es\/las-uci-en-caldas-en-su-mayoria-ocupadas-por-otras-enfermedades-diferentes-al-covid-19\/","title":{"rendered":"Las UCI en Caldas en su mayoria ocupadas por otras enfermedades diferentes al Covid-19"},"content":{"rendered":"\n<figure class=\"wp-block-image size-full\"><img loading=\"lazy\" decoding=\"async\" width=\"400\" height=\"300\" src=\"https:\/\/altovoltajeradio.com\/es\/wp-content\/uploads\/2022\/03\/borradores-2-7.jpg\" alt=\"\" class=\"wp-image-56\" srcset=\"https:\/\/altovoltajeradio.com\/es\/wp-content\/uploads\/2022\/03\/borradores-2-7.jpg 400w, https:\/\/altovoltajeradio.com\/es\/wp-content\/uploads\/2022\/03\/borradores-2-7-300x225.jpg 300w\" sizes=\"auto, (max-width: 400px) 100vw, 400px\" \/><figcaption>Los servicios de camas UCI fue el resultado de los  esfuerzos que hizo  el sistema de salud para contener la pandemia de COVID-19, lo que permiti\u00f3 adem\u00e1s salvar muchas vidas . En Caldas, seg\u00fan el director de la Territorial de Salud, Carlos Iv\u00e1n Heredia Ferreira al d\u00eda de hoy se presenta un caso diferente y es que los pacientes que est\u00e1n ocupando las camas UCI han llegado en su gran mayor\u00eda por enfermedades diferentes al Covid,  \u201cRecordemos que en la etapa pre-COVID Caldas ten\u00eda 136 camas UCI\u00a0y llegamos a tener 304 para atender esta emergencia. Hoy tenemos 206 camas que son las b\u00e1sicas para el departamento y a partir de las cuales pueden reactivarse las \u00e1reas de expansi\u00f3n, en caso de ser necesario. Hoy tenemos una ocupaci\u00f3n del 65%, de las cuales el 61,7% son patolog\u00edas no COVID, solo siete de patolog\u00eda COVID, es decir, se est\u00e1n atendiendo todas esas enfermedades prevalentes u otros eventos de riesgo\u201d, asegur\u00f3 el funcionario.<br>\u00a0<br>Record\u00f3 que la pandemia est\u00e1 a\u00fan vigente, est\u00e1 en transici\u00f3n a una enfermedad end\u00e9mica, pero todav\u00eda hay lineamientos del Ministerio de Salud\u00a0que exigen cumplimiento de varias normas. \u201cLas IPS que ofertan esas 206 camas con las que contamos est\u00e1n en capacidad nuevamente de realizar esa expansi\u00f3n para aumentar esta oferta ante una eventual exacerbaci\u00f3n de la pandemia. Hoy est\u00e1n fuera de servicio porque tenerlas activadas requiere muchos recursos humanos y t\u00e9cnicos que no se ameritan en las actuales condiciones\u201d, puntualiz\u00f3 el director de la Territorial.<\/figcaption><\/figure>\n\n\n\n<p><\/p>\n","protected":false},"excerpt":{"rendered":"","protected":false},"author":2,"featured_media":56,"comment_status":"open","ping_status":"open","sticky":false,"template":"","format":"standard","meta":{"footnotes":""},"categories":[5],"tags":[],"class_list":["post-55","post","type-post","status-publish","format-standard","has-post-thumbnail","hentry","category-salud"],"_links":{"self":[{"href":"https:\/\/altovoltajeradio.com\/es\/wp-json\/wp\/v2\/posts\/55","targetHints":{"allow":["GET"]}}],"collection":[{"href":"https:\/\/altovoltajeradio.com\/es\/wp-json\/wp\/v2\/posts"}],"about":[{"href":"https:\/\/altovoltajeradio.com\/es\/wp-json\/wp\/v2\/types\/post"}],"author":[{"embeddable":true,"href":"https:\/\/altovoltajeradio.com\/es\/wp-json\/wp\/v2\/users\/2"}],"replies":[{"embeddable":true,"href":"https:\/\/altovoltajeradio.com\/es\/wp-json\/wp\/v2\/comments?post=55"}],"version-history":[{"count":2,"href":"https:\/\/altovoltajeradio.com\/es\/wp-json\/wp\/v2\/posts\/55\/revisions"}],"predecessor-version":[{"id":58,"href":"https:\/\/altovoltajeradio.com\/es\/wp-json\/wp\/v2\/posts\/55\/revisions\/58"}],"wp:featuredmedia":[{"embeddable":true,"href":"https:\/\/altovoltajeradio.com\/es\/wp-json\/wp\/v2\/media\/56"}],"wp:attachment":[{"href":"https:\/\/altovoltajeradio.com\/es\/wp-json\/wp\/v2\/media?parent=55"}],"wp:term":[{"taxonomy":"category","embeddable":true,"href":"https:\/\/altovoltajeradio.com\/es\/wp-json\/wp\/v2\/categories?post=55"},{"taxonomy":"post_tag","embeddable":true,"href":"https:\/\/altovoltajeradio.com\/es\/wp-json\/wp\/v2\/tags?post=55"}],"curies":[{"name":"wp","href":"https:\/\/api.w.org\/{rel}","templated":true}]}}