{"id":567,"date":"2022-09-12T04:11:34","date_gmt":"2022-09-12T04:11:34","guid":{"rendered":"https:\/\/altovoltajeradio.com\/es\/?p=567"},"modified":"2022-09-12T04:11:34","modified_gmt":"2022-09-12T04:11:34","slug":"fallecio-hector-dario-bueno-reconocido-docente-de-san-jeronimo-recordado-ademas-por-su-pasion-por-la-musica","status":"publish","type":"post","link":"https:\/\/altovoltajeradio.com\/es\/fallecio-hector-dario-bueno-reconocido-docente-de-san-jeronimo-recordado-ademas-por-su-pasion-por-la-musica\/","title":{"rendered":"Falleci\u00f3 H\u00e9ctor Dar\u00edo Bueno reconocido docente de San Jer\u00f3nimo recordado adem\u00e1s por su pasi\u00f3n por la m\u00fasica"},"content":{"rendered":"\n<p>Con profunda tristeza los compa\u00f1eros de H\u00e9ctor Dar\u00edo Bueno directivo docente de la I.E San Jer\u00f3nimo Resguardo ind\u00edgena de San Lorenzo informaron sobre el fallecimiento de quien fuera el coordinador acad\u00e9mico de dicha Instituci\u00f3n. H\u00e9ctor Dar\u00edo ven\u00eda presentando hace algunos meses problemas de salud que finalmente le produjeron su deceso. <\/p>\n\n\n\n<p>Desde hace unas dos d\u00e9cadas se desempe\u00f1\u00f3 como docente , donde se destac\u00f3 por sus aportes en procesos educativo pero tambi\u00e9n realiz\u00f3 importantes proyectos musicales en los que promovi\u00f3 a los estudiantes que dieron un salto importante de la Banda estudiantil al proceso de formaci\u00f3n con la Orquesta de Fruko, logrando grabar un trabajo discogr\u00e1fico en los propios estudios de esta agrupaci\u00f3n en Medellin, todo esto se di\u00f3 gracias a la gesti\u00f3n de este docente. <\/p>\n\n\n\n<p>En Alto Voltaje Radio tuvimos la oportunidad de hacerle promoci\u00f3n en la Emisora Carnaval Stereo, ese mismo a\u00f1o fueron los encargados de animar la verbena popular en el Carnaval 2003.<\/p>\n\n\n\n<p>H\u00e9ctor Dar\u00edo adem\u00e1s compuso dos canciones que fueron interpretadas y llevadas a la industria discogr\u00e1fica , Fiesta para mi gente y Mi felicidad con la Orquesta Son Tropical, lamentablemente la agrupaci\u00f3n original tuvo el inconveniente de que muchos de sus integrantes al llegar a Medell\u00edn donde fueron apoyados por Fruko terminaron dedic\u00e1ndose a otros trabajos que les apag\u00f3 ese sue\u00f1o que ten\u00edan de ser famosos pese a su talento, as\u00ed nos lo hab\u00eda dicho H\u00e9ctor Dar\u00edo Bueno en una entrevista a comienzos de la d\u00e9cada anterior.<\/p>\n\n\n\n<p>Desde la comunidad educativa, las entidades culturales de su Resguardo y el Municipio  y medios de comunicaci\u00f3n como Alto Voltaje Radio en alg\u00fan momento le hicimos el reconocimiento al compromiso con la calidad acad\u00e9mica  y la apropiaci\u00f3n cultural desde la m\u00fasica. <\/p>\n\n\n\n<p>Hace 5 a\u00f1os Leonardo Bueno hermano de H\u00e9ctor Dar\u00edo quien era el rector del mismo colegio tambi\u00e9n falleci\u00f3 de causa natural. ALTO VOLTAJE RADIO extiende su mensaje de solidaridad a su familia y la comunidad educativa de la I.E de San Jer\u00f3nimo.<\/p>\n\n\n\n<figure class=\"wp-block-image size-large\"><img loading=\"lazy\" decoding=\"async\" width=\"1024\" height=\"726\" src=\"https:\/\/altovoltajeradio.com\/es\/wp-content\/uploads\/2022\/09\/BORRADOR-HOY-2-2-1024x726.jpg\" alt=\"\" class=\"wp-image-569\" srcset=\"https:\/\/altovoltajeradio.com\/es\/wp-content\/uploads\/2022\/09\/BORRADOR-HOY-2-2-1024x726.jpg 1024w, https:\/\/altovoltajeradio.com\/es\/wp-content\/uploads\/2022\/09\/BORRADOR-HOY-2-2-300x213.jpg 300w, https:\/\/altovoltajeradio.com\/es\/wp-content\/uploads\/2022\/09\/BORRADOR-HOY-2-2-768x545.jpg 768w, https:\/\/altovoltajeradio.com\/es\/wp-content\/uploads\/2022\/09\/BORRADOR-HOY-2-2-1536x1090.jpg 1536w, https:\/\/altovoltajeradio.com\/es\/wp-content\/uploads\/2022\/09\/BORRADOR-HOY-2-2-255x180.jpg 255w, https:\/\/altovoltajeradio.com\/es\/wp-content\/uploads\/2022\/09\/BORRADOR-HOY-2-2-350x247.jpg 350w, https:\/\/altovoltajeradio.com\/es\/wp-content\/uploads\/2022\/09\/BORRADOR-HOY-2-2-635x450.jpg 635w, https:\/\/altovoltajeradio.com\/es\/wp-content\/uploads\/2022\/09\/BORRADOR-HOY-2-2-290x205.jpg 290w, https:\/\/altovoltajeradio.com\/es\/wp-content\/uploads\/2022\/09\/BORRADOR-HOY-2-2.jpg 1748w\" sizes=\"auto, (max-width: 1024px) 100vw, 1024px\" \/><\/figure>\n","protected":false},"excerpt":{"rendered":"<p>Con profunda tristeza los compa\u00f1eros de H\u00e9ctor Dar\u00edo Bueno directivo [&hellip;]<\/p>\n","protected":false},"author":2,"featured_media":569,"comment_status":"open","ping_status":"open","sticky":true,"template":"","format":"standard","meta":{"footnotes":""},"categories":[10],"tags":[],"class_list":["post-567","post","type-post","status-publish","format-standard","has-post-thumbnail","hentry","category-obituario"],"_links":{"self":[{"href":"https:\/\/altovoltajeradio.com\/es\/wp-json\/wp\/v2\/posts\/567","targetHints":{"allow":["GET"]}}],"collection":[{"href":"https:\/\/altovoltajeradio.com\/es\/wp-json\/wp\/v2\/posts"}],"about":[{"href":"https:\/\/altovoltajeradio.com\/es\/wp-json\/wp\/v2\/types\/post"}],"author":[{"embeddable":true,"href":"https:\/\/altovoltajeradio.com\/es\/wp-json\/wp\/v2\/users\/2"}],"replies":[{"embeddable":true,"href":"https:\/\/altovoltajeradio.com\/es\/wp-json\/wp\/v2\/comments?post=567"}],"version-history":[{"count":1,"href":"https:\/\/altovoltajeradio.com\/es\/wp-json\/wp\/v2\/posts\/567\/revisions"}],"predecessor-version":[{"id":570,"href":"https:\/\/altovoltajeradio.com\/es\/wp-json\/wp\/v2\/posts\/567\/revisions\/570"}],"wp:featuredmedia":[{"embeddable":true,"href":"https:\/\/altovoltajeradio.com\/es\/wp-json\/wp\/v2\/media\/569"}],"wp:attachment":[{"href":"https:\/\/altovoltajeradio.com\/es\/wp-json\/wp\/v2\/media?parent=567"}],"wp:term":[{"taxonomy":"category","embeddable":true,"href":"https:\/\/altovoltajeradio.com\/es\/wp-json\/wp\/v2\/categories?post=567"},{"taxonomy":"post_tag","embeddable":true,"href":"https:\/\/altovoltajeradio.com\/es\/wp-json\/wp\/v2\/tags?post=567"}],"curies":[{"name":"wp","href":"https:\/\/api.w.org\/{rel}","templated":true}]}}