{"id":587,"date":"2022-09-22T04:24:08","date_gmt":"2022-09-22T04:24:08","guid":{"rendered":"https:\/\/altovoltajeradio.com\/es\/?p=587"},"modified":"2022-09-22T04:24:08","modified_gmt":"2022-09-22T04:24:08","slug":"confirmada-lista-de-caficultores-elegidos-para-el-comite-de-cafeteros-de-caldas","status":"publish","type":"post","link":"https:\/\/altovoltajeradio.com\/es\/confirmada-lista-de-caficultores-elegidos-para-el-comite-de-cafeteros-de-caldas\/","title":{"rendered":"Confirmada lista de caficultores elegidos para el Comit\u00e9 de Cafeteros de Caldas"},"content":{"rendered":"\n<p>La Comisi\u00f3n de Escrutinios de las Elecciones Cafeteras 2022 en Caldas confirm\u00f3 la participaci\u00f3n y transparencia registrados en el proceso electoral gremial realizado el s\u00e1bado 10 de septiembre en el departamento.<\/p>\n\n\n\n<p>La revisi\u00f3n de los resultados del preconteo realizada este lunes 19 de septiembre en la Sala de Juntas del Comit\u00e9 Departamental de Cafeteros confirm\u00f3 el 79% de participaci\u00f3n obtenido en Caldas con 15.836 caficultores votantes en las 281 urnas instaladas en los 25 municipios cafeteros, as\u00ed como la adecuada organizaci\u00f3n y log\u00edstica establecidos para la jornada de elecci\u00f3n.<\/p>\n\n\n\n<p>La Comisi\u00f3n de Escrutinios para Caldas estuvo conformada por la Rectora de la Universidad Cat\u00f3lica de Manizales, hermana Mar\u00eda Elizabeth Caicedo Caicedo; el Notario Segundo de Manizales, Jorge Manrique Andrade; y el Rector de la Universidad Aut\u00f3noma de Manizales, Carlos Eduardo Jaramillo Sanint, quien actu\u00f3 como Presidente de la Comisi\u00f3n.<\/p>\n\n\n\n<p>&nbsp;la Comisi\u00f3n de Escrutinios para el Departamento de Caldas declar\u00f3 la elecci\u00f3n de los Delegados al Congreso Nacional de Cafeteros quienes a su vez son los miembros del Comit\u00e9 de Cafeteros de Caldas y de los miembros de los 24 Comit\u00e9s Municipales de Cafeteros.<\/p>\n\n\n\n<p>Los representantes fueron elegidos para el per\u00edodo 2022\u20132026. A continuaci\u00f3n los caficultores elegidos en Caldas:<\/p>\n\n\n\n<p>CIRCUNSCRIPCI\u00d3N No 1 compuesta por los municipios de Aguadas, Ar\u00e1nzazu, Filadelfia, La Merced, P\u00e1cora y Salamina<strong>.<\/strong>  PRINCIPAL:  \u00c1ngela Guti\u00e9rrez Isaza SUPLENTE: Liliana Andrea Valencia Duque. (Plancha 2)<\/p>\n\n\n\n<p><strong>CIRCUNSCRIPCI\u00d3N No 2 Compuesta por los municipios:\u00a0<\/strong>Anserma, Belalcazar, Marmato, Riosucio, San Jos\u00e9, Supia y Viterbo.<strong> PRINCIPAL: \u00a0Marcelo Salazar Vel\u00e1squez SUPLENTE: H\u00e9ctor Aguirre. <\/strong>(Plancha 1)<\/p>\n\n\n\n<p>CIRCUNSCRIPCI\u00d3N No. 3 Compuesta por los municipios<strong>:\u00a0<\/strong>Manizales y Neira. PRINCIPAL: Virgilio Clavijo L\u00f3pez SUPLENTE: Mar\u00eda Amparo Jaramillo Trujillo (Plancha 1)<\/p>\n\n\n\n<p>CIRCUNSCRIPCI\u00d3N No. 4 Compuesta por los municipios: Chinchin\u00e1 y Villamar\u00eda<strong>.<\/strong> PRINCIPAL: Carlos Felipe Hoyos Zuluaga SUPLENTE: Julio Ernesto Arias Vargas (Plancha 1)<\/p>\n\n\n\n<p>CIRCUNSCRIPCI\u00d3N No. 5 Compuesta por los municipios: Palestina y Risaralda PRINCIPAL: William de Jes\u00fas Giraldo Grisales SUPLENTE: Mar\u00eda Mercedes Cuartas de Mej\u00eda (Plancha 1)<\/p>\n\n\n\n<p>CIRCUNSCRIPCI\u00d3N No. 6 Compuesta por los municipios: Manzanares, Marquetalia, Pensilvania, Saman\u00e1, Victoria y Marulanda PRINCIPAL: Luis Carlos Betancur Fl\u00f3rez SUPLENTE: Luz Mary L\u00f3pez Guti\u00e9rrez <\/p>\n\n\n\n<p><strong>PARA TENER EN CUENTA: <\/strong>La Misi\u00f3n de Observaci\u00f3n Electoral (MOE) tambi\u00e9n estuvo presente en los Escrutinios. El Coordinador de la MOE en Caldas, Gustavo Ocampo Salazar, report\u00f3: \u201cla MOE puede dar un parte de tranquilidad y satisfacci\u00f3n porque despu\u00e9s de haber observado en diferentes mesas de diferentes municipios de Caldas y en los escrutinios podemos decir que se cumplieron todas las normas y reglamentos\u201d.<\/p>\n\n\n\n<p><\/p>\n\n\n\n<figure class=\"wp-block-image size-full\"><img loading=\"lazy\" decoding=\"async\" width=\"960\" height=\"640\" src=\"https:\/\/altovoltajeradio.com\/es\/wp-content\/uploads\/2022\/09\/borradores-1-4.jpg\" alt=\"\" class=\"wp-image-588\" srcset=\"https:\/\/altovoltajeradio.com\/es\/wp-content\/uploads\/2022\/09\/borradores-1-4.jpg 960w, https:\/\/altovoltajeradio.com\/es\/wp-content\/uploads\/2022\/09\/borradores-1-4-300x200.jpg 300w, https:\/\/altovoltajeradio.com\/es\/wp-content\/uploads\/2022\/09\/borradores-1-4-768x512.jpg 768w, https:\/\/altovoltajeradio.com\/es\/wp-content\/uploads\/2022\/09\/borradores-1-4-635x423.jpg 635w, https:\/\/altovoltajeradio.com\/es\/wp-content\/uploads\/2022\/09\/borradores-1-4-320x214.jpg 320w\" sizes=\"auto, (max-width: 960px) 100vw, 960px\" \/><\/figure>\n","protected":false},"excerpt":{"rendered":"<p>La Comisi\u00f3n de Escrutinios de las Elecciones Cafeteras 2022 en [&hellip;]<\/p>\n","protected":false},"author":2,"featured_media":588,"comment_status":"open","ping_status":"open","sticky":true,"template":"","format":"standard","meta":{"footnotes":""},"categories":[17],"tags":[],"class_list":["post-587","post","type-post","status-publish","format-standard","has-post-thumbnail","hentry","category-el-campo"],"_links":{"self":[{"href":"https:\/\/altovoltajeradio.com\/es\/wp-json\/wp\/v2\/posts\/587","targetHints":{"allow":["GET"]}}],"collection":[{"href":"https:\/\/altovoltajeradio.com\/es\/wp-json\/wp\/v2\/posts"}],"about":[{"href":"https:\/\/altovoltajeradio.com\/es\/wp-json\/wp\/v2\/types\/post"}],"author":[{"embeddable":true,"href":"https:\/\/altovoltajeradio.com\/es\/wp-json\/wp\/v2\/users\/2"}],"replies":[{"embeddable":true,"href":"https:\/\/altovoltajeradio.com\/es\/wp-json\/wp\/v2\/comments?post=587"}],"version-history":[{"count":1,"href":"https:\/\/altovoltajeradio.com\/es\/wp-json\/wp\/v2\/posts\/587\/revisions"}],"predecessor-version":[{"id":589,"href":"https:\/\/altovoltajeradio.com\/es\/wp-json\/wp\/v2\/posts\/587\/revisions\/589"}],"wp:featuredmedia":[{"embeddable":true,"href":"https:\/\/altovoltajeradio.com\/es\/wp-json\/wp\/v2\/media\/588"}],"wp:attachment":[{"href":"https:\/\/altovoltajeradio.com\/es\/wp-json\/wp\/v2\/media?parent=587"}],"wp:term":[{"taxonomy":"category","embeddable":true,"href":"https:\/\/altovoltajeradio.com\/es\/wp-json\/wp\/v2\/categories?post=587"},{"taxonomy":"post_tag","embeddable":true,"href":"https:\/\/altovoltajeradio.com\/es\/wp-json\/wp\/v2\/tags?post=587"}],"curies":[{"name":"wp","href":"https:\/\/api.w.org\/{rel}","templated":true}]}}