{"id":590,"date":"2022-09-26T03:40:17","date_gmt":"2022-09-26T03:40:17","guid":{"rendered":"https:\/\/altovoltajeradio.com\/es\/?p=590"},"modified":"2022-09-26T03:41:19","modified_gmt":"2022-09-26T03:41:19","slug":"en-riosucio-se-toman-medidas-de-seguridad-durante-marcha-contra-reforma-tributaria-de-petro","status":"publish","type":"post","link":"https:\/\/altovoltajeradio.com\/es\/en-riosucio-se-toman-medidas-de-seguridad-durante-marcha-contra-reforma-tributaria-de-petro\/","title":{"rendered":"En Riosucio se toman medidas de seguridad durante marcha contra Reforma tributaria de Petro"},"content":{"rendered":"\n<p>En Riosucio varios sectores de la derecha tambi\u00e9n est\u00e1n convocando a la Gran Marcha Nacional<strong>\u00a0<\/strong>en contra de las reformas propuestas por el Gobierno de Gustavo Petro, que se llevara a cabo en todo el territorio Nacional. La movilizaci\u00f3n ciudadana busca que millones de colombianos en todo el territorio nacional salgan a las calles y eleven su voz de protesta en contra de las reformas propuestas por el Gobierno actual.<\/p>\n\n\n\n<p>Seg\u00fan se ha informado en la Perla del Ingrum\u00e1 empresarios de varios sectores y militantes de partidos tradicionales, religiosos y otros ciudadanos quieren mostrar su inconformidad con las reformas que ha propuesto el gobierno del presidente, Gustavo Petro.<\/p>\n\n\n\n<p>Por su parte la Alcald\u00eda Municipal a trav\u00e9s de Yurany Liceth Echeverry Cata\u00f1o, Alcaldesa encargada,  ha dado a conocer las medidas que ser\u00e1n adoptadas para la conservaci\u00f3n del orden p\u00fablico en el marco de dichas manifestaciones, las cuales contemplan: Prohibir el tr\u00e1nsito de veh\u00edculos con cilindros de gas, trasteos y\/o acarreos desde las 5 de la ma\u00f1ana del lunes 26 de septiembre hasta las 11 de la noche del mismo d\u00eda. Se proh\u00edbe el parqueo de veh\u00edculos en inmediaciones de la Casa de Gobierno Municipal. Designa de Gestor de convivencia al Secretario de Hacienda P\u00fablica Municipal, Mauricio Trejos Reyes. Instalaci\u00f3n del puesto de mando unificado con la finalidad de monitorear y vigilar el normal desarrollo de las manifestaciones de este d\u00eda.<\/p>\n\n\n\n<figure class=\"wp-block-image size-large\"><img loading=\"lazy\" decoding=\"async\" width=\"1024\" height=\"766\" src=\"https:\/\/altovoltajeradio.com\/es\/wp-content\/uploads\/2022\/09\/borradores-1-5-1024x766.jpg\" alt=\"\" class=\"wp-image-591\" srcset=\"https:\/\/altovoltajeradio.com\/es\/wp-content\/uploads\/2022\/09\/borradores-1-5-1024x766.jpg 1024w, https:\/\/altovoltajeradio.com\/es\/wp-content\/uploads\/2022\/09\/borradores-1-5-300x225.jpg 300w, https:\/\/altovoltajeradio.com\/es\/wp-content\/uploads\/2022\/09\/borradores-1-5-768x575.jpg 768w, https:\/\/altovoltajeradio.com\/es\/wp-content\/uploads\/2022\/09\/borradores-1-5-635x475.jpg 635w, https:\/\/altovoltajeradio.com\/es\/wp-content\/uploads\/2022\/09\/borradores-1-5.jpg 1280w\" sizes=\"auto, (max-width: 1024px) 100vw, 1024px\" \/><\/figure>\n","protected":false},"excerpt":{"rendered":"<p>En Riosucio varios sectores de la derecha tambi\u00e9n est\u00e1n convocando [&hellip;]<\/p>\n","protected":false},"author":2,"featured_media":591,"comment_status":"open","ping_status":"open","sticky":false,"template":"","format":"standard","meta":{"footnotes":""},"categories":[1,8],"tags":[],"class_list":["post-590","post","type-post","status-publish","format-standard","has-post-thumbnail","hentry","category-general","category-locales"],"_links":{"self":[{"href":"https:\/\/altovoltajeradio.com\/es\/wp-json\/wp\/v2\/posts\/590","targetHints":{"allow":["GET"]}}],"collection":[{"href":"https:\/\/altovoltajeradio.com\/es\/wp-json\/wp\/v2\/posts"}],"about":[{"href":"https:\/\/altovoltajeradio.com\/es\/wp-json\/wp\/v2\/types\/post"}],"author":[{"embeddable":true,"href":"https:\/\/altovoltajeradio.com\/es\/wp-json\/wp\/v2\/users\/2"}],"replies":[{"embeddable":true,"href":"https:\/\/altovoltajeradio.com\/es\/wp-json\/wp\/v2\/comments?post=590"}],"version-history":[{"count":1,"href":"https:\/\/altovoltajeradio.com\/es\/wp-json\/wp\/v2\/posts\/590\/revisions"}],"predecessor-version":[{"id":592,"href":"https:\/\/altovoltajeradio.com\/es\/wp-json\/wp\/v2\/posts\/590\/revisions\/592"}],"wp:featuredmedia":[{"embeddable":true,"href":"https:\/\/altovoltajeradio.com\/es\/wp-json\/wp\/v2\/media\/591"}],"wp:attachment":[{"href":"https:\/\/altovoltajeradio.com\/es\/wp-json\/wp\/v2\/media?parent=590"}],"wp:term":[{"taxonomy":"category","embeddable":true,"href":"https:\/\/altovoltajeradio.com\/es\/wp-json\/wp\/v2\/categories?post=590"},{"taxonomy":"post_tag","embeddable":true,"href":"https:\/\/altovoltajeradio.com\/es\/wp-json\/wp\/v2\/tags?post=590"}],"curies":[{"name":"wp","href":"https:\/\/api.w.org\/{rel}","templated":true}]}}