{"id":594,"date":"2022-10-07T00:30:19","date_gmt":"2022-10-07T00:30:19","guid":{"rendered":"https:\/\/altovoltajeradio.com\/es\/?p=594"},"modified":"2022-10-07T00:31:21","modified_gmt":"2022-10-07T00:31:21","slug":"el-carnaval-de-riosucio-se-toma-el-festival-de-teatro-de-santa-fe-de-antioquia","status":"publish","type":"post","link":"https:\/\/altovoltajeradio.com\/es\/el-carnaval-de-riosucio-se-toma-el-festival-de-teatro-de-santa-fe-de-antioquia\/","title":{"rendered":"El Carnaval de Riosucio se toma el Festival de Teatro de Santa Fe de Antioquia"},"content":{"rendered":"\n<p>El pacto de la vida ser\u00e1 presentado este domingo 9 de octubre en Santa fe de Antioquia. Se trata de un relato matachinesco de la fiesta donde el diablo es el protagonista.<\/p>\n\n\n\n<p>PARA TENER EN CUENTA: Pacto por la vida es una puesta en escena que se present\u00f3 en el Teatro Col\u00f3n de Bogot\u00e1 el pasado 21 de abril como parte del lanzamiento del Carnaval Riosucio 2023 y en el que participaron 40 artistas dirigidos por el maestro Misael Torres. Ahora ser\u00e1n nuestros embajadores en un  festival que sigue ampliando su comunidad, local e internacional, desarrollando nuevos v\u00ednculos basados en la colaboraci\u00f3n, los afectos, el cuidado y los saberes compartidos. En este caso con la cooperaci\u00f3n del festival Santiago off y la plataforma que han sumado los festivales Comfama San Ignacio Teatro y M\u00fasica de Medell\u00edn y en este caso particular, Santa Fe de Antioquia Artes de la Calle.<\/p>\n\n\n\n<figure class=\"wp-block-image size-large\"><img loading=\"lazy\" decoding=\"async\" width=\"1024\" height=\"683\" src=\"https:\/\/altovoltajeradio.com\/es\/wp-content\/uploads\/2022\/10\/BORRAR-HOY-1024x683.jpeg\" alt=\"\" class=\"wp-image-595\" srcset=\"https:\/\/altovoltajeradio.com\/es\/wp-content\/uploads\/2022\/10\/BORRAR-HOY-1024x683.jpeg 1024w, https:\/\/altovoltajeradio.com\/es\/wp-content\/uploads\/2022\/10\/BORRAR-HOY-300x200.jpeg 300w, https:\/\/altovoltajeradio.com\/es\/wp-content\/uploads\/2022\/10\/BORRAR-HOY-768x512.jpeg 768w, https:\/\/altovoltajeradio.com\/es\/wp-content\/uploads\/2022\/10\/BORRAR-HOY-635x423.jpeg 635w, https:\/\/altovoltajeradio.com\/es\/wp-content\/uploads\/2022\/10\/BORRAR-HOY-320x214.jpeg 320w, https:\/\/altovoltajeradio.com\/es\/wp-content\/uploads\/2022\/10\/BORRAR-HOY.jpeg 1200w\" sizes=\"auto, (max-width: 1024px) 100vw, 1024px\" \/><\/figure>\n","protected":false},"excerpt":{"rendered":"<p>El pacto de la vida ser\u00e1 presentado este domingo 9 [&hellip;]<\/p>\n","protected":false},"author":2,"featured_media":595,"comment_status":"open","ping_status":"open","sticky":true,"template":"","format":"standard","meta":{"footnotes":""},"categories":[11],"tags":[],"class_list":["post-594","post","type-post","status-publish","format-standard","has-post-thumbnail","hentry","category-cultura"],"_links":{"self":[{"href":"https:\/\/altovoltajeradio.com\/es\/wp-json\/wp\/v2\/posts\/594","targetHints":{"allow":["GET"]}}],"collection":[{"href":"https:\/\/altovoltajeradio.com\/es\/wp-json\/wp\/v2\/posts"}],"about":[{"href":"https:\/\/altovoltajeradio.com\/es\/wp-json\/wp\/v2\/types\/post"}],"author":[{"embeddable":true,"href":"https:\/\/altovoltajeradio.com\/es\/wp-json\/wp\/v2\/users\/2"}],"replies":[{"embeddable":true,"href":"https:\/\/altovoltajeradio.com\/es\/wp-json\/wp\/v2\/comments?post=594"}],"version-history":[{"count":1,"href":"https:\/\/altovoltajeradio.com\/es\/wp-json\/wp\/v2\/posts\/594\/revisions"}],"predecessor-version":[{"id":596,"href":"https:\/\/altovoltajeradio.com\/es\/wp-json\/wp\/v2\/posts\/594\/revisions\/596"}],"wp:featuredmedia":[{"embeddable":true,"href":"https:\/\/altovoltajeradio.com\/es\/wp-json\/wp\/v2\/media\/595"}],"wp:attachment":[{"href":"https:\/\/altovoltajeradio.com\/es\/wp-json\/wp\/v2\/media?parent=594"}],"wp:term":[{"taxonomy":"category","embeddable":true,"href":"https:\/\/altovoltajeradio.com\/es\/wp-json\/wp\/v2\/categories?post=594"},{"taxonomy":"post_tag","embeddable":true,"href":"https:\/\/altovoltajeradio.com\/es\/wp-json\/wp\/v2\/tags?post=594"}],"curies":[{"name":"wp","href":"https:\/\/api.w.org\/{rel}","templated":true}]}}