{"id":597,"date":"2022-10-10T11:28:02","date_gmt":"2022-10-10T11:28:02","guid":{"rendered":"https:\/\/altovoltajeradio.com\/es\/?p=597"},"modified":"2022-10-10T11:28:02","modified_gmt":"2022-10-10T11:28:02","slug":"polemica-por-la-tala-de-las-palmas-en-la-candelaria","status":"publish","type":"post","link":"https:\/\/altovoltajeradio.com\/es\/polemica-por-la-tala-de-las-palmas-en-la-candelaria\/","title":{"rendered":"Pol\u00e9mica por la tala de las palmas en la Candelaria"},"content":{"rendered":"\n<p>Luego de que ALTO VOLTAJE RADIO diera a conocer la noticia de la tala de las palmas de la Plazoleta de Banderas de la Candelaria tras un concepto t\u00e9cnico de Corpocaldas las reacciones de los ciudadanos no  se hizo esperar, hay quienes piensan que s\u00ed efectivamente representan peligro lo m\u00e1s indicado es tumbarlas pero otras personas creen que m\u00e1s bien es evadir la responsabilidad de las administraciones de hacer el debido mantenimiento a est\u00e1s palmas, hay quienes piden a la entidad ambiental que de a conocer a la comunidad el concepto t\u00e9cnico que determina esta orden de tumbar las palmas. <\/p>\n\n\n\n<p>Para Edgar Vinasco, quien lidera la campa\u00f1a en Riosucio \u00abSembrando Guayacanes\u00bb por la fobia que se le ha tenido en Riosucio  a los \u00e1rboles siempre van a encontrarse opiniones a favor de la medida, \u00ab<\/p>\n\n\n\n<p>En RIOSUCIO, desde siempre se ha tenido fobia a todo tipo de \u00e1rboles. Siempre habr\u00e1 concepto favorable para talarlos. Lo m\u00e1s seguro, es que no s\u00e9 siembren m\u00e1s especies en el sitio, ni que la pomposa CORPOCALDAS, exija compensaci\u00f3n alguna a quienes&nbsp;<a><\/a>favorece su concepto. Espero con pesimismo , el futuro de los guayacanes entregados y sembrados recientemente en varios sitios de RIOSUCIO, o que ahora vuelvan a enfilarse al Sam\u00e1n, v\u00edctima de los machetes profesionales avalados desde la Administraci\u00f3n Municipal y CORPOCALDAS.<\/p>\n\n\n\n<p>QUE BUENO SER\u00cdA QUE HOY MA\u00d1ANA, TODOS LOS QUE PUEDAN , REALIZAR UNA JORNADA DE FOTOGRAF\u00cdAS , Y GUARDARLAS COMO TESTIMONIO DE LA FALTA DE MANTENIMIENTO DE LOS ENTES QUE NUNCA LO HICIERON\u00bb, agrega el ciudadano.<\/p>\n\n\n\n<p>El caso es que hoy ser\u00e1n erradicadas la palmas que cumplen un papel de ornato en el Municipio todo por una decisi\u00f3n tomada por el Concejo Municipal  de Gesti\u00f3n de Riesgo del Municipio que por que est\u00e1s palmas no son aptas para estar sembradas en este tipo de parques y por que seg\u00fan Corpocaldas presenta unos deterioros fisiol\u00f3gico, es decir problemas internos.<\/p>\n\n\n\n<figure class=\"wp-block-image size-large\"><img loading=\"lazy\" decoding=\"async\" width=\"1024\" height=\"1024\" src=\"https:\/\/altovoltajeradio.com\/es\/wp-content\/uploads\/2022\/10\/Post-de-Instagram-Podcast-Beige-Neutro--1024x1024.jpg\" alt=\"\" class=\"wp-image-598\" srcset=\"https:\/\/altovoltajeradio.com\/es\/wp-content\/uploads\/2022\/10\/Post-de-Instagram-Podcast-Beige-Neutro--1024x1024.jpg 1024w, https:\/\/altovoltajeradio.com\/es\/wp-content\/uploads\/2022\/10\/Post-de-Instagram-Podcast-Beige-Neutro--300x300.jpg 300w, https:\/\/altovoltajeradio.com\/es\/wp-content\/uploads\/2022\/10\/Post-de-Instagram-Podcast-Beige-Neutro--150x150.jpg 150w, https:\/\/altovoltajeradio.com\/es\/wp-content\/uploads\/2022\/10\/Post-de-Instagram-Podcast-Beige-Neutro--768x768.jpg 768w, https:\/\/altovoltajeradio.com\/es\/wp-content\/uploads\/2022\/10\/Post-de-Instagram-Podcast-Beige-Neutro--84x84.jpg 84w, https:\/\/altovoltajeradio.com\/es\/wp-content\/uploads\/2022\/10\/Post-de-Instagram-Podcast-Beige-Neutro--530x530.jpg 530w, https:\/\/altovoltajeradio.com\/es\/wp-content\/uploads\/2022\/10\/Post-de-Instagram-Podcast-Beige-Neutro--469x469.jpg 469w, https:\/\/altovoltajeradio.com\/es\/wp-content\/uploads\/2022\/10\/Post-de-Instagram-Podcast-Beige-Neutro-.jpg 1080w\" sizes=\"auto, (max-width: 1024px) 100vw, 1024px\" \/><\/figure>\n","protected":false},"excerpt":{"rendered":"<p>Luego de que ALTO VOLTAJE RADIO diera a conocer la [&hellip;]<\/p>\n","protected":false},"author":2,"featured_media":598,"comment_status":"open","ping_status":"open","sticky":true,"template":"","format":"standard","meta":{"footnotes":""},"categories":[6],"tags":[],"class_list":["post-597","post","type-post","status-publish","format-standard","has-post-thumbnail","hentry","category-sucesos"],"_links":{"self":[{"href":"https:\/\/altovoltajeradio.com\/es\/wp-json\/wp\/v2\/posts\/597","targetHints":{"allow":["GET"]}}],"collection":[{"href":"https:\/\/altovoltajeradio.com\/es\/wp-json\/wp\/v2\/posts"}],"about":[{"href":"https:\/\/altovoltajeradio.com\/es\/wp-json\/wp\/v2\/types\/post"}],"author":[{"embeddable":true,"href":"https:\/\/altovoltajeradio.com\/es\/wp-json\/wp\/v2\/users\/2"}],"replies":[{"embeddable":true,"href":"https:\/\/altovoltajeradio.com\/es\/wp-json\/wp\/v2\/comments?post=597"}],"version-history":[{"count":1,"href":"https:\/\/altovoltajeradio.com\/es\/wp-json\/wp\/v2\/posts\/597\/revisions"}],"predecessor-version":[{"id":599,"href":"https:\/\/altovoltajeradio.com\/es\/wp-json\/wp\/v2\/posts\/597\/revisions\/599"}],"wp:featuredmedia":[{"embeddable":true,"href":"https:\/\/altovoltajeradio.com\/es\/wp-json\/wp\/v2\/media\/598"}],"wp:attachment":[{"href":"https:\/\/altovoltajeradio.com\/es\/wp-json\/wp\/v2\/media?parent=597"}],"wp:term":[{"taxonomy":"category","embeddable":true,"href":"https:\/\/altovoltajeradio.com\/es\/wp-json\/wp\/v2\/categories?post=597"},{"taxonomy":"post_tag","embeddable":true,"href":"https:\/\/altovoltajeradio.com\/es\/wp-json\/wp\/v2\/tags?post=597"}],"curies":[{"name":"wp","href":"https:\/\/api.w.org\/{rel}","templated":true}]}}