{"id":612,"date":"2022-10-29T00:26:31","date_gmt":"2022-10-29T00:26:31","guid":{"rendered":"https:\/\/altovoltajeradio.com\/es\/?p=612"},"modified":"2022-12-05T18:10:58","modified_gmt":"2022-12-05T18:10:58","slug":"reunion-entre-comunidad-supiena-y-representantes-de-alcaldia-gobernacion-y-unidad-nacional-de-gestion-de-riesgo-luego-de-la-protesta","status":"publish","type":"post","link":"https:\/\/altovoltajeradio.com\/es\/reunion-entre-comunidad-supiena-y-representantes-de-alcaldia-gobernacion-y-unidad-nacional-de-gestion-de-riesgo-luego-de-la-protesta\/","title":{"rendered":"Reuni\u00f3n entre comunidad supie\u00f1a y representantes de Alcald\u00eda , Gobernaci\u00f3n y Unidad Nacional de Gesti\u00f3n de Riesgo luego de la protesta"},"content":{"rendered":"\n<p>Luego de que los habitantes del municipio de Sup\u00eda salieran  a la v\u00eda que comunica con Medell\u00edn en el sector \u201cEl Palo\u201d, para solicitar la presencia del Gobernador de Caldas, Luis Carlos Vel\u00e1squez Cardona y del director de la Unidad Nacional para la Gesti\u00f3n del Riesgo, Javier Pava S\u00e1nchez, para concertar la entrega de ayudas por parte del gobierno nacional para las personas afectadas por la emergencia del pasado 3 de septiembre, se dio una reuni\u00f3n al respecto.<\/p>\n\n\n\n<p>Una vez se dio inicio a la protesta la Alcald\u00eda de Sup\u00eda manifest\u00f3 que garantizaba el derecho fundamental a la protesta como lo estipula el art\u00edculo 37 de la Constituci\u00f3n Pol\u00edtica de Colombia, la cual debe realizarse de manera pac\u00edfica y en el que no se vulneren los derechos fundamentales de las personas. El Alcalde de Sup\u00eda, Marco Antonio Londo\u00f1o Zuluaga hizo presencia en la zona, para establecer un di\u00e1logo entre la comunidad y las autoridades, invitando a evitar la fuerza y las v\u00edas de hecho, y construir soluciones ante la situaci\u00f3n presentada.<\/p>\n\n\n\n<p>En la ma\u00f1ana de este viernes 28 de octubre , las comunidades e instituciones del orden municipal, departamental y nacional dialogaron para construir estrategias que permitan encontrar soluciones a la situaci\u00f3n de calamidad que se presenta en nuestro municipio.<\/p>\n\n\n\n<figure class=\"wp-block-image size-large\"><img loading=\"lazy\" decoding=\"async\" width=\"1024\" height=\"765\" src=\"https:\/\/altovoltajeradio.com\/es\/wp-content\/uploads\/2022\/10\/BORRADORES-HOY-1024x765.jpeg\" alt=\"\" class=\"wp-image-613\" srcset=\"https:\/\/altovoltajeradio.com\/es\/wp-content\/uploads\/2022\/10\/BORRADORES-HOY-1024x765.jpeg 1024w, https:\/\/altovoltajeradio.com\/es\/wp-content\/uploads\/2022\/10\/BORRADORES-HOY-300x224.jpeg 300w, https:\/\/altovoltajeradio.com\/es\/wp-content\/uploads\/2022\/10\/BORRADORES-HOY-768x574.jpeg 768w, https:\/\/altovoltajeradio.com\/es\/wp-content\/uploads\/2022\/10\/BORRADORES-HOY-1536x1148.jpeg 1536w, https:\/\/altovoltajeradio.com\/es\/wp-content\/uploads\/2022\/10\/BORRADORES-HOY-635x475.jpeg 635w, https:\/\/altovoltajeradio.com\/es\/wp-content\/uploads\/2022\/10\/BORRADORES-HOY.jpeg 1600w\" sizes=\"auto, (max-width: 1024px) 100vw, 1024px\" \/><\/figure>\n\n\n\n<p>PARA TENER EN CUENTA: El 3 de septiembre de 2022, en el municipio de Sup\u00eda (Caldas) debido a la fuerte lluvia (hist\u00f3rica en intensidad) se tuvo como consecuencia que el r\u00edo Sup\u00eda y las quebradas Grande y Rapao generaran una inundaci\u00f3n sin precedentes, teniendo como saldo una persona fallecida, 7 lesionados, 1300 familias afectadas, 19 viviendas destruidas, 16 barrios inundados, 3 puentes colapsados y 11 veredas incomunicadas debido a los hechos ocurridos por la emergencia invernal.<\/p>\n","protected":false},"excerpt":{"rendered":"<p>Luego de que los habitantes del municipio de Sup\u00eda salieran [&hellip;]<\/p>\n","protected":false},"author":2,"featured_media":588,"comment_status":"open","ping_status":"open","sticky":true,"template":"","format":"standard","meta":{"footnotes":""},"categories":[12],"tags":[],"class_list":["post-612","post","type-post","status-publish","format-standard","has-post-thumbnail","hentry","category-regional"],"_links":{"self":[{"href":"https:\/\/altovoltajeradio.com\/es\/wp-json\/wp\/v2\/posts\/612","targetHints":{"allow":["GET"]}}],"collection":[{"href":"https:\/\/altovoltajeradio.com\/es\/wp-json\/wp\/v2\/posts"}],"about":[{"href":"https:\/\/altovoltajeradio.com\/es\/wp-json\/wp\/v2\/types\/post"}],"author":[{"embeddable":true,"href":"https:\/\/altovoltajeradio.com\/es\/wp-json\/wp\/v2\/users\/2"}],"replies":[{"embeddable":true,"href":"https:\/\/altovoltajeradio.com\/es\/wp-json\/wp\/v2\/comments?post=612"}],"version-history":[{"count":1,"href":"https:\/\/altovoltajeradio.com\/es\/wp-json\/wp\/v2\/posts\/612\/revisions"}],"predecessor-version":[{"id":614,"href":"https:\/\/altovoltajeradio.com\/es\/wp-json\/wp\/v2\/posts\/612\/revisions\/614"}],"wp:featuredmedia":[{"embeddable":true,"href":"https:\/\/altovoltajeradio.com\/es\/wp-json\/wp\/v2\/media\/588"}],"wp:attachment":[{"href":"https:\/\/altovoltajeradio.com\/es\/wp-json\/wp\/v2\/media?parent=612"}],"wp:term":[{"taxonomy":"category","embeddable":true,"href":"https:\/\/altovoltajeradio.com\/es\/wp-json\/wp\/v2\/categories?post=612"},{"taxonomy":"post_tag","embeddable":true,"href":"https:\/\/altovoltajeradio.com\/es\/wp-json\/wp\/v2\/tags?post=612"}],"curies":[{"name":"wp","href":"https:\/\/api.w.org\/{rel}","templated":true}]}}