{"id":632,"date":"2022-12-05T20:57:23","date_gmt":"2022-12-05T20:57:23","guid":{"rendered":"https:\/\/altovoltajeradio.com\/es\/?p=632"},"modified":"2022-12-05T20:57:23","modified_gmt":"2022-12-05T20:57:23","slug":"paulatinamente-se-enciende-el-alumbrado-navideno-en-riosucio","status":"publish","type":"post","link":"https:\/\/altovoltajeradio.com\/es\/paulatinamente-se-enciende-el-alumbrado-navideno-en-riosucio\/","title":{"rendered":"Paulatinamente se enciende el alumbrado navide\u00f1o en Riosucio"},"content":{"rendered":"\n<p>El alumbrado navide\u00f1o en Riosucio que se ha convertido por est\u00e1 \u00e9poca en un evento cotidiano de sus habitantes pese a que ha habido temporadas donde no ha sorprendido por la ausencia de figuras que recreen la navidad en sus parques y avenidas. Este a\u00f1o se ha notado un esfuerzo por hacer un alumbrado que colme las expectativas de los riosuce\u00f1os y es por ello que se ve una renovaci\u00f3n en los elementos y la iluminaci\u00f3n.<\/p>\n\n\n\n<p>El pasado s\u00e1bado 3 de diciembre en horas de la noche se encendieron las primeras luces en la Plaza de San Sebastian y Parque de La Candelaria, al d\u00eda de hoy se ven a los trabajadores de la empresa prestadora de energ\u00eda en el Municipio ajustando algunos detalles relacionados con el sistema el\u00e9ctrico para que est\u00e9 al 100 por ciento. <\/p>\n\n\n\n<p>En el parque \u00abde abajo\u00bb figuras que hacen parte de una tem\u00e1tica carnestol\u00e9ndica como un homenaje a la m\u00e1xima expresi\u00f3n cultural de este Municipio. Por su parte, en el parque \u00abde arriba\u00bb figuras relacionadas con la tradici\u00f3n religiosa, pesebres y otros \u00edconos de \u00e9sta \u00e9poca navide\u00f1a.<\/p>\n\n\n\n<p>La creaci\u00f3n art\u00edstica de las figuras del alumbrado navide\u00f1o est\u00e1n a cargo del dise\u00f1ador industrial Diego Armando Jurado Guapacha quien a su vez ha sido elegido como el artesano de la pr\u00f3xima figura del diablo del Carnaval 2023. El miercoles 7 de diciembre ser\u00e1 la inauguraci\u00f3n del alumbrado navide\u00f1o por parte de la Alcald\u00eda Municipal.<\/p>\n\n\n\n<figure class=\"wp-block-image size-large\"><img loading=\"lazy\" decoding=\"async\" width=\"724\" height=\"1024\" src=\"https:\/\/altovoltajeradio.com\/es\/wp-content\/uploads\/2022\/12\/sucesos-2-724x1024.jpg\" alt=\"\" class=\"wp-image-633\" srcset=\"https:\/\/altovoltajeradio.com\/es\/wp-content\/uploads\/2022\/12\/sucesos-2-724x1024.jpg 724w, https:\/\/altovoltajeradio.com\/es\/wp-content\/uploads\/2022\/12\/sucesos-2-212x300.jpg 212w, https:\/\/altovoltajeradio.com\/es\/wp-content\/uploads\/2022\/12\/sucesos-2-768x1086.jpg 768w, https:\/\/altovoltajeradio.com\/es\/wp-content\/uploads\/2022\/12\/sucesos-2-1086x1536.jpg 1086w, https:\/\/altovoltajeradio.com\/es\/wp-content\/uploads\/2022\/12\/sucesos-2-375x530.jpg 375w, https:\/\/altovoltajeradio.com\/es\/wp-content\/uploads\/2022\/12\/sucesos-2.jpg 1414w\" sizes=\"auto, (max-width: 724px) 100vw, 724px\" \/><\/figure>\n","protected":false},"excerpt":{"rendered":"<p>El alumbrado navide\u00f1o en Riosucio que se ha convertido por [&hellip;]<\/p>\n","protected":false},"author":2,"featured_media":633,"comment_status":"open","ping_status":"open","sticky":true,"template":"","format":"standard","meta":{"footnotes":""},"categories":[8],"tags":[],"class_list":["post-632","post","type-post","status-publish","format-standard","has-post-thumbnail","hentry","category-locales"],"_links":{"self":[{"href":"https:\/\/altovoltajeradio.com\/es\/wp-json\/wp\/v2\/posts\/632","targetHints":{"allow":["GET"]}}],"collection":[{"href":"https:\/\/altovoltajeradio.com\/es\/wp-json\/wp\/v2\/posts"}],"about":[{"href":"https:\/\/altovoltajeradio.com\/es\/wp-json\/wp\/v2\/types\/post"}],"author":[{"embeddable":true,"href":"https:\/\/altovoltajeradio.com\/es\/wp-json\/wp\/v2\/users\/2"}],"replies":[{"embeddable":true,"href":"https:\/\/altovoltajeradio.com\/es\/wp-json\/wp\/v2\/comments?post=632"}],"version-history":[{"count":1,"href":"https:\/\/altovoltajeradio.com\/es\/wp-json\/wp\/v2\/posts\/632\/revisions"}],"predecessor-version":[{"id":634,"href":"https:\/\/altovoltajeradio.com\/es\/wp-json\/wp\/v2\/posts\/632\/revisions\/634"}],"wp:featuredmedia":[{"embeddable":true,"href":"https:\/\/altovoltajeradio.com\/es\/wp-json\/wp\/v2\/media\/633"}],"wp:attachment":[{"href":"https:\/\/altovoltajeradio.com\/es\/wp-json\/wp\/v2\/media?parent=632"}],"wp:term":[{"taxonomy":"category","embeddable":true,"href":"https:\/\/altovoltajeradio.com\/es\/wp-json\/wp\/v2\/categories?post=632"},{"taxonomy":"post_tag","embeddable":true,"href":"https:\/\/altovoltajeradio.com\/es\/wp-json\/wp\/v2\/tags?post=632"}],"curies":[{"name":"wp","href":"https:\/\/api.w.org\/{rel}","templated":true}]}}