{"id":635,"date":"2022-12-08T00:59:44","date_gmt":"2022-12-08T00:59:44","guid":{"rendered":"https:\/\/altovoltajeradio.com\/es\/?p=635"},"modified":"2022-12-08T00:59:44","modified_gmt":"2022-12-08T00:59:44","slug":"acord-colombia-rechaza-que-se-vulnere-el-derecho-del-trabajo-a-los-periodistas-deportivos","status":"publish","type":"post","link":"https:\/\/altovoltajeradio.com\/es\/acord-colombia-rechaza-que-se-vulnere-el-derecho-del-trabajo-a-los-periodistas-deportivos\/","title":{"rendered":"Acord Colombia rechaza que se vulnere el derecho del trabajo a los periodistas deportivos"},"content":{"rendered":"\n<p>A trav\u00e9s de un comunicado la agremiaci\u00f3n de cronistas deportivos ACORD Colombia se han pronunciado en contra de quienes son los encargados de autorizar el ingreso de la prensa para cubrir la final del f\u00fatbol colombiano en este caso, final in\u00e9dita que disputaran en el Estado Hern\u00e1n Ram\u00edrez Villegas Deportivo Pereira y DIM. El comunicado dice \u00abACORD COLOMBIA siempre es respetuosa de las directrices que tienen en su reglamento interno las diferentes entidades privadas, sobre todo en el tema del f\u00fatbol, pero cuando dichas normas, reglas o como las quieran llamar atentan contra la labor de nuestros agremiados, nos vemos en la necesidad de hacer valer el derecho al trabajo.<\/p>\n\n\n\n<p>Reiteradamente recibimos comunicados de inconformidad relacionados con la prohibici\u00f3n del ingreso a los estadios de los periodistas deportivos, argumentando diferentes situaciones que a nuestro criterio no son justificadas.<\/p>\n\n\n\n<p>El m\u00e1s reciente caso se vivi\u00f3 con motivo del partido de vuelta de la final de la Liga Colombiana entre Deportivo Pereira e Independiente Medell\u00edn. Se les dijo a varios periodistas que no ten\u00edan derecho a ingresar al estadio Hern\u00e1n Ram\u00edrez Villegas porque solo hab\u00eda cupos para aquellos comunicadores que siempre han estado acompa\u00f1ando al equipo local.<\/p>\n\n\n\n<p>De manera muy atenta invitamos a todos los equipos de f\u00fatbol a que reconsideren dichas determinaciones, en especial al conjunto mateca\u00f1a, para que no se vulnere el derecho al trabajo, como est\u00e1 sucediendo en un evento tan importante como el que se realizar\u00e1 esta noche en el escenario de la capital risaraldense.\u00bb<\/p>\n\n\n\n<figure class=\"wp-block-image size-full\"><img loading=\"lazy\" decoding=\"async\" width=\"940\" height=\"788\" src=\"https:\/\/altovoltajeradio.com\/es\/wp-content\/uploads\/2022\/12\/BORRADOR-HOY-3.jpg\" alt=\"\" class=\"wp-image-636\" srcset=\"https:\/\/altovoltajeradio.com\/es\/wp-content\/uploads\/2022\/12\/BORRADOR-HOY-3.jpg 940w, https:\/\/altovoltajeradio.com\/es\/wp-content\/uploads\/2022\/12\/BORRADOR-HOY-3-300x251.jpg 300w, https:\/\/altovoltajeradio.com\/es\/wp-content\/uploads\/2022\/12\/BORRADOR-HOY-3-768x644.jpg 768w, https:\/\/altovoltajeradio.com\/es\/wp-content\/uploads\/2022\/12\/BORRADOR-HOY-3-632x530.jpg 632w\" sizes=\"auto, (max-width: 940px) 100vw, 940px\" \/><\/figure>\n\n\n\n<p>Para el presidente de la ACORD CALDAS desde hace ya mucho tiempo que no se hace respetar el Decreto Ley 2428 de 1955 sobre el ingreso a los escenarios deportivos. <\/p>\n\n\n\n<p>En Alto Voltaje Radio conocimos tambi\u00e9n de una situaci\u00f3n enojosa con la jefe de prensa del Deportivo Pereira que deja entrever falta de apoyo con los dem\u00e1s periodistas de la regi\u00f3n en este caso a los de Manizales donde caso contrario los periodistas deportivos de Pereira han sido acogidos en todas las finales que all\u00ed se han jugado, incluyendo Copa Libertadores. Tambi\u00e9n se habla de un distanciamiento hasta de los mismos periodistas deportivos de Pereira con las directivas del equipo Mateca\u00f1a.<\/p>\n","protected":false},"excerpt":{"rendered":"<p>A trav\u00e9s de un comunicado la agremiaci\u00f3n de cronistas deportivos [&hellip;]<\/p>\n","protected":false},"author":2,"featured_media":636,"comment_status":"open","ping_status":"open","sticky":true,"template":"","format":"standard","meta":{"footnotes":""},"categories":[16],"tags":[],"class_list":["post-635","post","type-post","status-publish","format-standard","has-post-thumbnail","hentry","category-catolicas"],"_links":{"self":[{"href":"https:\/\/altovoltajeradio.com\/es\/wp-json\/wp\/v2\/posts\/635","targetHints":{"allow":["GET"]}}],"collection":[{"href":"https:\/\/altovoltajeradio.com\/es\/wp-json\/wp\/v2\/posts"}],"about":[{"href":"https:\/\/altovoltajeradio.com\/es\/wp-json\/wp\/v2\/types\/post"}],"author":[{"embeddable":true,"href":"https:\/\/altovoltajeradio.com\/es\/wp-json\/wp\/v2\/users\/2"}],"replies":[{"embeddable":true,"href":"https:\/\/altovoltajeradio.com\/es\/wp-json\/wp\/v2\/comments?post=635"}],"version-history":[{"count":1,"href":"https:\/\/altovoltajeradio.com\/es\/wp-json\/wp\/v2\/posts\/635\/revisions"}],"predecessor-version":[{"id":637,"href":"https:\/\/altovoltajeradio.com\/es\/wp-json\/wp\/v2\/posts\/635\/revisions\/637"}],"wp:featuredmedia":[{"embeddable":true,"href":"https:\/\/altovoltajeradio.com\/es\/wp-json\/wp\/v2\/media\/636"}],"wp:attachment":[{"href":"https:\/\/altovoltajeradio.com\/es\/wp-json\/wp\/v2\/media?parent=635"}],"wp:term":[{"taxonomy":"category","embeddable":true,"href":"https:\/\/altovoltajeradio.com\/es\/wp-json\/wp\/v2\/categories?post=635"},{"taxonomy":"post_tag","embeddable":true,"href":"https:\/\/altovoltajeradio.com\/es\/wp-json\/wp\/v2\/tags?post=635"}],"curies":[{"name":"wp","href":"https:\/\/api.w.org\/{rel}","templated":true}]}}