{"id":70,"date":"2022-03-20T20:44:45","date_gmt":"2022-03-20T20:44:45","guid":{"rendered":"https:\/\/altovoltajeradio.com\/es\/?p=70"},"modified":"2022-03-20T20:48:12","modified_gmt":"2022-03-20T20:48:12","slug":"uno-de-los-tres-miembros-de-la-familia-que-murio-bajo-el-derrumbe-en-la-via-uraba-fue-sepultada-en-el-dia-de-hoy","status":"publish","type":"post","link":"https:\/\/altovoltajeradio.com\/es\/uno-de-los-tres-miembros-de-la-familia-que-murio-bajo-el-derrumbe-en-la-via-uraba-fue-sepultada-en-el-dia-de-hoy\/","title":{"rendered":"Uno de los tres miembros de la familia que muri\u00f3 bajo el derrumbe en la v\u00eda Urab\u00e1 fue sepultada en el d\u00eda de hoy"},"content":{"rendered":"\n<p>Un ata\u00fad gris, entre flores, oraciones y m\u00fasica, y en compa\u00f1\u00eda de sus familiares, vecinos y amigos m\u00e1s cercanos; uno de los esposos Edwin Andr\u00e9s Guevara Ram\u00edrez , recibi\u00f3  el \u00faltimo adi\u00f3s.<\/p>\n\n\n\n<figure class=\"wp-block-image size-large\"><img loading=\"lazy\" decoding=\"async\" width=\"768\" height=\"1024\" src=\"https:\/\/altovoltajeradio.com\/es\/wp-content\/uploads\/2022\/03\/borradores-4-768x1024.jpg\" alt=\"\" class=\"wp-image-71\" srcset=\"https:\/\/altovoltajeradio.com\/es\/wp-content\/uploads\/2022\/03\/borradores-4-768x1023.jpg 768w, https:\/\/altovoltajeradio.com\/es\/wp-content\/uploads\/2022\/03\/borradores-4-225x300.jpg 225w, https:\/\/altovoltajeradio.com\/es\/wp-content\/uploads\/2022\/03\/borradores-4-1153x1536.jpg 1153w, https:\/\/altovoltajeradio.com\/es\/wp-content\/uploads\/2022\/03\/borradores-4-398x530.jpg 398w, https:\/\/altovoltajeradio.com\/es\/wp-content\/uploads\/2022\/03\/borradores-4.jpg 1200w\" sizes=\"auto, (max-width: 768px) 100vw, 768px\" \/><\/figure>\n\n\n\n<p>El funeral se llev\u00f3 a cabo, en la sala de velaci\u00f3n La Aurora, de su ciudad natal.<\/p>\n\n\n\n<p><\/p>\n\n\n\n<p>Muchas personas extra\u00f1aron que entre los actos p\u00f3stumos no estuvieran los cuerpos de la familia completa, que ser\u00e1 recordada por su uni\u00f3n, juventud y su amor , faltaron los cuerpos de su esposa Ana Mar\u00eda Calvo y su peque\u00f1o hijo Maximiliano pero una persona allegada a la familia nos comunic\u00f3 que esto obedece a una decisi\u00f3n tomada por la familia de Ana Mar\u00eda y es la de darle crisitiana sepultura a Ana Mar\u00eda y el bebe en el pueblo natal en el Occidente de Antioquia.<\/p>\n\n\n\n<p>Un inmenso dolor ha dejado la partida de los tres integrantes de la misma&nbsp;<em>familia<\/em>, quienes fallecieron en el movimiento de masa ocurrido en el sector de Pe\u00f1as Blancas , jurisdicci\u00f3n de Uramita el 8 de marzo y sus cuerpos encontrados sin vida 9 d\u00edas despu\u00e9s luego de una intensa b\u00fasqueda desplegada por los, Unidad de Gesti\u00f3n de Riesgo apoyados por entidades como Bomberos de Frontino, Dabeiba y San Jer\u00f3nimo y la Oficina de Infraestructura de esta zona antioque\u00f1a.<\/p>\n\n\n\n<p><\/p>\n","protected":false},"excerpt":{"rendered":"<p>Un ata\u00fad gris, entre flores, oraciones y m\u00fasica, y en [&hellip;]<\/p>\n","protected":false},"author":2,"featured_media":71,"comment_status":"open","ping_status":"open","sticky":false,"template":"","format":"standard","meta":{"footnotes":""},"categories":[1],"tags":[],"class_list":["post-70","post","type-post","status-publish","format-standard","has-post-thumbnail","hentry","category-general"],"_links":{"self":[{"href":"https:\/\/altovoltajeradio.com\/es\/wp-json\/wp\/v2\/posts\/70","targetHints":{"allow":["GET"]}}],"collection":[{"href":"https:\/\/altovoltajeradio.com\/es\/wp-json\/wp\/v2\/posts"}],"about":[{"href":"https:\/\/altovoltajeradio.com\/es\/wp-json\/wp\/v2\/types\/post"}],"author":[{"embeddable":true,"href":"https:\/\/altovoltajeradio.com\/es\/wp-json\/wp\/v2\/users\/2"}],"replies":[{"embeddable":true,"href":"https:\/\/altovoltajeradio.com\/es\/wp-json\/wp\/v2\/comments?post=70"}],"version-history":[{"count":2,"href":"https:\/\/altovoltajeradio.com\/es\/wp-json\/wp\/v2\/posts\/70\/revisions"}],"predecessor-version":[{"id":73,"href":"https:\/\/altovoltajeradio.com\/es\/wp-json\/wp\/v2\/posts\/70\/revisions\/73"}],"wp:featuredmedia":[{"embeddable":true,"href":"https:\/\/altovoltajeradio.com\/es\/wp-json\/wp\/v2\/media\/71"}],"wp:attachment":[{"href":"https:\/\/altovoltajeradio.com\/es\/wp-json\/wp\/v2\/media?parent=70"}],"wp:term":[{"taxonomy":"category","embeddable":true,"href":"https:\/\/altovoltajeradio.com\/es\/wp-json\/wp\/v2\/categories?post=70"},{"taxonomy":"post_tag","embeddable":true,"href":"https:\/\/altovoltajeradio.com\/es\/wp-json\/wp\/v2\/tags?post=70"}],"curies":[{"name":"wp","href":"https:\/\/api.w.org\/{rel}","templated":true}]}}