{"id":700,"date":"2024-05-14T03:23:18","date_gmt":"2024-05-14T03:23:18","guid":{"rendered":"https:\/\/altovoltajeradio.com\/es\/?p=700"},"modified":"2024-05-14T03:27:37","modified_gmt":"2024-05-14T03:27:37","slug":"presentaron-plan-territorial-de-salud-para-supia","status":"publish","type":"post","link":"https:\/\/altovoltajeradio.com\/es\/presentaron-plan-territorial-de-salud-para-supia\/","title":{"rendered":"PRESENTARON PLAN TERRITORIAL DE SALUD PARA SUP\u00cdA"},"content":{"rendered":"<figure id=\"attachment_698\" aria-describedby=\"caption-attachment-698\" style=\"width: 300px\" class=\"wp-caption alignnone\"><img loading=\"lazy\" decoding=\"async\" class=\"size-medium wp-image-698\" src=\"https:\/\/altovoltajeradio.com\/es\/wp-content\/uploads\/2024\/05\/FOTO-NOTICIAS-3-300x213.jpg\" alt=\"\" width=\"300\" height=\"213\" srcset=\"https:\/\/altovoltajeradio.com\/es\/wp-content\/uploads\/2024\/05\/FOTO-NOTICIAS-3-300x213.jpg 300w, https:\/\/altovoltajeradio.com\/es\/wp-content\/uploads\/2024\/05\/FOTO-NOTICIAS-3-1024x726.jpg 1024w, https:\/\/altovoltajeradio.com\/es\/wp-content\/uploads\/2024\/05\/FOTO-NOTICIAS-3-768x545.jpg 768w, https:\/\/altovoltajeradio.com\/es\/wp-content\/uploads\/2024\/05\/FOTO-NOTICIAS-3-1536x1090.jpg 1536w, https:\/\/altovoltajeradio.com\/es\/wp-content\/uploads\/2024\/05\/FOTO-NOTICIAS-3-255x180.jpg 255w, https:\/\/altovoltajeradio.com\/es\/wp-content\/uploads\/2024\/05\/FOTO-NOTICIAS-3-350x247.jpg 350w, https:\/\/altovoltajeradio.com\/es\/wp-content\/uploads\/2024\/05\/FOTO-NOTICIAS-3-635x450.jpg 635w, https:\/\/altovoltajeradio.com\/es\/wp-content\/uploads\/2024\/05\/FOTO-NOTICIAS-3-290x205.jpg 290w, https:\/\/altovoltajeradio.com\/es\/wp-content\/uploads\/2024\/05\/FOTO-NOTICIAS-3.jpg 1748w\" sizes=\"auto, (max-width: 300px) 100vw, 300px\" \/><figcaption id=\"caption-attachment-698\" class=\"wp-caption-text\">En su visita a Sup\u00eda este domingo 12 de mayo, la directora de la Territorial de Salud de Caldas, Natalia Casta\u00f1o D\u00edaz, present\u00f3 el Plan Territorial de Salud. La directora de la entidad <strong>present\u00f3 el Plan Territorial de Salud, iniciativa que involucra a la comunidad en la mejora del bienestar p\u00fablico.<\/strong>\u00a0Todo como parte de la jornada de socializaci\u00f3n del Plan de Desarrollo de Caldas, presidida por la Asamblea y el Gobierno departamentales, por medio de la estrategia\u00a0<strong>Caldas te Escucha: As\u00ed va el Plan.<\/strong><br \/>El Plan Territorial de Salud impulsa la\u00a0<strong>participaci\u00f3n activa de los ciudadanos en la construcci\u00f3n de acciones y objetivos que se traduzcan en mayor bienestar para la poblaci\u00f3n.<\/strong>\u00a0A diferencia del Plan de Desarrollo de Caldas, dicho documento est\u00e1 regido por directrices y metodolog\u00edas del Ministerio de Salud y Protecci\u00f3n Social.<br \/>\u00abDimos a conocer diferentes asuntos relacionados con tres pilares:\u00a0<strong>el primero es la infraestructura hospitalaria, el segundo la salud mental y el tercero los equipos b\u00e1sicos de atenci\u00f3n<\/strong>\u00a0para llegar a la ruralidad y acercar la salud del municipio al resto del territorio. Estamos enfocados en seguir revisando las necesidades y adoptar estrategias con el fin de abordarlas\u00bb, mencion\u00f3 Casta\u00f1o D\u00edaz.<br \/>El diputado Luis Alberto Giraldo celebr\u00f3 la importancia de integrar las propuestas del Plan Territorial de Salud con el Plan de Desarrollo Departamental: \u201ces un documento que hemos venido conociendo. Los que no estamos en el sector hemos aprendido much\u00edsimo a trav\u00e9s de este diagn\u00f3stico,\u00a0<strong>muy cercano a las comunidades, lo que se nota por su clara profundidad en temas que aquejan a los caldenses\u201d.<\/strong><br \/>Giraldo agreg\u00f3: \u00abestamos interesados en los elementos que plantea esta hoja de ruta desde la\u00a0<strong>infraestructura, el acompa\u00f1amiento a la salud p\u00fablica, las acciones para priorizar la salud mental<\/strong>\u00a0tanto en j\u00f3venes como adultos mayores. Todo con el fin de que empiece a tener un impacto desde el punto de vista presupuestal\u00bb.<br \/>Por su parte, Mateo Osorio Moreno, concejal de Marmato, ratific\u00f3 su apoyo a esta proyecci\u00f3n del plan y resalt\u00f3 la importancia de los ejes propuestos: \u00ab<strong>fueron elaborados junto a la comunidad y ser\u00e1n claves para el desarrollo de los territorios\u00bb<\/strong>, indic\u00f3.<\/figcaption><\/figure>\n","protected":false},"excerpt":{"rendered":"","protected":false},"author":2,"featured_media":698,"comment_status":"open","ping_status":"open","sticky":false,"template":"","format":"standard","meta":{"footnotes":""},"categories":[5],"tags":[35,20,21],"class_list":["post-700","post","type-post","status-publish","format-standard","has-post-thumbnail","hentry","category-salud","tag-gobierno-de-caldas","tag-riosucio","tag-supia"],"_links":{"self":[{"href":"https:\/\/altovoltajeradio.com\/es\/wp-json\/wp\/v2\/posts\/700","targetHints":{"allow":["GET"]}}],"collection":[{"href":"https:\/\/altovoltajeradio.com\/es\/wp-json\/wp\/v2\/posts"}],"about":[{"href":"https:\/\/altovoltajeradio.com\/es\/wp-json\/wp\/v2\/types\/post"}],"author":[{"embeddable":true,"href":"https:\/\/altovoltajeradio.com\/es\/wp-json\/wp\/v2\/users\/2"}],"replies":[{"embeddable":true,"href":"https:\/\/altovoltajeradio.com\/es\/wp-json\/wp\/v2\/comments?post=700"}],"version-history":[{"count":2,"href":"https:\/\/altovoltajeradio.com\/es\/wp-json\/wp\/v2\/posts\/700\/revisions"}],"predecessor-version":[{"id":704,"href":"https:\/\/altovoltajeradio.com\/es\/wp-json\/wp\/v2\/posts\/700\/revisions\/704"}],"wp:featuredmedia":[{"embeddable":true,"href":"https:\/\/altovoltajeradio.com\/es\/wp-json\/wp\/v2\/media\/698"}],"wp:attachment":[{"href":"https:\/\/altovoltajeradio.com\/es\/wp-json\/wp\/v2\/media?parent=700"}],"wp:term":[{"taxonomy":"category","embeddable":true,"href":"https:\/\/altovoltajeradio.com\/es\/wp-json\/wp\/v2\/categories?post=700"},{"taxonomy":"post_tag","embeddable":true,"href":"https:\/\/altovoltajeradio.com\/es\/wp-json\/wp\/v2\/tags?post=700"}],"curies":[{"name":"wp","href":"https:\/\/api.w.org\/{rel}","templated":true}]}}